{"id":2316,"date":"2026-04-30T13:44:32","date_gmt":"2026-04-30T13:44:32","guid":{"rendered":"https:\/\/www.sindiesp.org.br\/sindicato\/?p=2316"},"modified":"2026-04-30T14:11:28","modified_gmt":"2026-04-30T14:11:28","slug":"sindiesp-feninfra-convencao-coletiva-2026-2028-data-base-1o-de-maio","status":"publish","type":"post","link":"https:\/\/www.sindiesp.org.br\/sindicato\/sindiesp-feninfra-convencao-coletiva-2026-2028-data-base-1o-de-maio\/","title":{"rendered":"SINDIESP \/ FENINFRA Conven\u00e7\u00e3o Coletiva 2026\/2028 \u2013 Data Base: 1\u00ba de Maio"},"content":{"rendered":"\n<p>Seguindo o edital que convocou a categoria para aprova\u00e7\u00e3o da CCT, a categoria est\u00e1 assim: Todos os trabalhadores das \u00e1reas t\u00e9cnicas, administrativas e operacionais das empresas do segmento das seguintes categorias econ\u00f4micas: de desenho e projetos em softwares gr\u00e1ficos, web designs, acabamento, gr\u00e1fico digital, provedores de conte\u00fado e informa\u00e7\u00f5es, provedores de servi\u00e7os de aplica\u00e7\u00e3o, p\u00e1ginas e portais de busca e hospedagem de site na internet, sites de hospedagem de v\u00eddeos, fotos e m\u00fasicas na internet, sites de correio eletr\u00f4nico na internet, p\u00e1ginas e sites de intermedia\u00e7\u00e3o de contrata\u00e7\u00e3o de m\u00e3o de obra, p\u00e1ginas e sites de vendas, e intermedia\u00e7\u00e3o de vendas na internet, lojas virtuais, provedores de voz sobre protocolo internet (VOIP), p\u00e1ginas e sites de entretenimento na internet, atividades de p\u00e1ginas e sites de jogos na internet , sites e p\u00e1ginas de atividades de salas de acesso a internet, p\u00e1ginas e sites de atividades de salas de &#8220;bate-papo&#8221; na internet, empresas de an\u00fancios e publicidade on line, empresas de sistemas de seguran\u00e7a digital de internet e inform\u00e1tica.<\/p>\n\n\n\n<p><strong>CONQUISTAS<\/strong><\/p>\n\n\n\n<p><strong>Reajuste de 4,10%<\/strong><\/p>\n\n\n\n<p><strong>PLR \u2013<\/strong> Todas as empresas com qualquer n\u00famero de trabalhadores obrigam-se a instituir um Plano de Participa\u00e7\u00e3o nos Lucros ou Resultados, de acordo com a Lei n.\u00ba 10.101\/00 com a assist\u00eancia do SINDIESP.<\/p>\n\n\n\n<p><strong>AUX\u00cdLIO REFEI\u00c7\u00c3O E\/OU ALIMENTA\u00c7\u00c3O \u2013<\/strong> Agora n\u00e3o existe mais a distin\u00e7\u00e3o entre Capital e interior, todas as empresas do estado de S\u00e3o Paulo, com qualquer n\u00famero de trabalhadores dever\u00e3o fornecer, mensalmente, aux\u00edlio refei\u00e7\u00e3o e\/ou alimenta\u00e7\u00e3o aos seus empregados, na forma de vale-refei\u00e7\u00e3o ou instrumento equivalente, no valor m\u00ednimo do benef\u00edcio ser\u00e1 de R$30,00 (trinta reais) por dia efetivamente trabalhado.<\/p>\n\n\n\n<p><strong>ASSIST\u00caNCIA M\u00c9DICA E CONV\u00caNIOS &#8211;<\/strong> As empresas fornecer\u00e3o para todos os empregados, a t\u00edtulo gratuito ou coparticipa\u00e7\u00e3o, plano de sa\u00fade empresarial que atendam \u00e0s determina\u00e7\u00f5es m\u00ednimas da Ag\u00eancia Nacional de Sa\u00fade.<\/p>\n\n\n\n<ul class=\"wp-block-list\">\n<li>Par\u00e1grafo Primeiro: Os empregados abrangidos por esta Conven\u00e7\u00e3o Coletiva de Trabalho poder\u00e3o incluir como dependentes nos conv\u00eanios m\u00e9dicos celebrados pela empresa, esposo(a) ou companheiro(a), desde que convivam maritalmente, h\u00e1 mais de 2 (dois) anos, ressalvada a hip\u00f3tese de j\u00e1 terem assist\u00eancia m\u00e9dica, hospitalar, odontol\u00f3gica e\/ou psicol\u00f3gica, contratada pelos seus respectivos empregadores, devendo o empregado assumir integralmente os valores dos dependentes.<\/li>\n\n\n\n<li>Par\u00e1grafo Segundo: Caso a localiza\u00e7\u00e3o ou o n\u00famero de empregados n\u00e3o permitam a contrata\u00e7\u00e3o de plano de sa\u00fade empresarial, a empresa poder\u00e1, por meio de acordo coletivo de trabalho firmado com o SINDIESP, substituir o plano de sa\u00fade por outro benef\u00edcio an\u00e1logo.<\/li>\n<\/ul>\n\n\n\n<p><strong>AUX\u00cdLIO CRECHE<\/strong> &#8211; Durante a vig\u00eancia da presente Conven\u00e7\u00e3o Coletiva de Trabalho, as empresas que n\u00e3o disponham de creche pr\u00f3pria ou conv\u00eanio com creche autorizada, reembolsar\u00e3o seus empregados, desde que sejam os respons\u00e1veis legais pelo(s) filho(s), mediante deten\u00e7\u00e3o da guarda judicial, at\u00e9 o valor de 30% (trinta por cento) do sal\u00e1rio normativo previsto no caput da cl\u00e1usula 3\u00aa deste instrumento, para cada filho com at\u00e9 60 (sessenta) meses, desde que em creche ou institui\u00e7\u00e3o an\u00e1loga de sua livre escolha, ou sob os cuidados de profissional regularmente inscrito como aut\u00f4nomo ou \u00f3rg\u00e3o fiscalizador de profiss\u00e3o, ou ainda por bab\u00e1 devidamente registrada.<\/p>\n\n\n\n<p><strong>SEGURO COLETIVO<\/strong> &#8211; As empresas se obrigam a contratar seguro de vida e acidente no trabalho em grupo para seus empregados de forma que, na ocorr\u00eancia de invalidez atestada pelo INSS, ou morte, garanta o pagamento de indeniza\u00e7\u00e3o a seus benefici\u00e1rios, da seguinte forma:<\/p>\n\n\n\n<ul class=\"wp-block-list\">\n<li>Par\u00e1grafo Primeiro: Indeniza\u00e7\u00e3o equivalente a 25 (vinte e cinco) vezes o piso salarial, estabelecido na cl\u00e1usula 3\u00aa deste instrumento, sem \u00f4nus para os empregados.<\/li>\n\n\n\n<li>Par\u00e1grafo Segundo: As empresas que n\u00e3o possuem a ap\u00f3lice estabelecida, sem preju\u00edzo da multa de que trata a cl\u00e1usula 55\u00aa do presente instrumento, responder\u00e3o diretamente pelos valores aqui estipulados, na ocorr\u00eancia dos sinistros descritos no caput desta cl\u00e1usula.<\/li>\n<\/ul>\n\n\n\n<p><strong>FILHOS COM DEFICI\u00caNCIA \u2013 PCD &#8211;<\/strong> Os empregados que tenham filhos na APAE, APADEX ou institui\u00e7\u00e3o an\u00e1loga, com as mesmas finalidades, ter\u00e3o direito ao reembolso das despesas efetuadas com os mesmos nas referidas institui\u00e7\u00f5es, at\u00e9 o limite de 35% (trinta e cinco por cento) do sal\u00e1rio normativo previsto no caput da cl\u00e1usula 3\u00aa deste instrumento, desde que apresentem declara\u00e7\u00e3o de que \u00e9 o(a) respons\u00e1vel financeiro pelos pagamentos, bem como notas fiscais ou recibos emitidos pela institui\u00e7\u00e3o mensalmente.<\/p>\n\n\n\n<p><strong>COMPLEMENTA\u00c7\u00c3O DO AUX\u00cdLIO PREVIDENCI\u00c1RIO OU ACIDENTE DE TRABALHO &#8211;<\/strong> Aos empregados que contam com pelo menos 1 (um) ano de trabalho na empresa e que estejam percebendo aux\u00edlio-doen\u00e7a ou aux\u00edlio decorrente de acidente do trabalho na Previd\u00eancia Social, ser\u00e1 paga uma import\u00e2ncia equivalente \u00e0 65% (sessenta e cinco por cento) da diferen\u00e7a entre seu sal\u00e1rio fixo e o valor do aux\u00edlio-doen\u00e7a pago pelo \u00f3rg\u00e3o previdenci\u00e1rio, condicionada \u00e0 comprova\u00e7\u00e3o, pelo Empregado, do valor pago pela Previd\u00eancia.<\/p>\n\n\n\n<p><strong>Par\u00e1grafo Primeiro:<\/strong> O complemento ser\u00e1 devido somente entre o 16\u00ba at\u00e9 3 meses do afastamento.<\/p>\n\n\n\n<p><strong>Par\u00e1grafo Segundo:<\/strong> O complemento mensal ter\u00e1 limite m\u00e1ximo de 10 (dez) sal\u00e1rios-m\u00ednimos vigentes.<\/p>\n\n\n\n<p><strong>Par\u00e1grafo Terceiro:<\/strong> O complemento ser\u00e1 devido apenas uma vez em cada ano contratual e uma \u00fanica vez em afastamento.<\/p>\n\n\n\n<p><strong>Par\u00e1grafo Quarto:<\/strong> As empresas que j\u00e1 concedam o benef\u00edcio supra, quer diretamente, quer atrav\u00e9s de entidade de previd\u00eancia privada da qual seja patrocinadora, ficam desobrigadas de sua concess\u00e3o, respeitando-se os crit\u00e9rios mais vantajosos.<\/p>\n\n\n\n<p><strong>ORIENTA\u00c7\u00c3O PARA CARTA DE OPOSI\u00c7\u00c3O<\/strong><\/p>\n\n\n\n<p><strong>Par\u00e1grafo Segundo:<\/strong> A partir da assinatura da presente Conven\u00e7\u00e3o Coletiva de Trabalho fica estabelecido o prazo do dia 30 (trinta) de abril ao dia 14 (quatorze) de maio do corrente ano, para os empregados oporem-se ao desconto, observadas, obrigatoriamente, as formas abaixo, sob pena de indeferimento:<\/p>\n\n\n\n<ul class=\"wp-block-list\">\n<li>De forma presencial para os empregados que residam na Grande S\u00e3o Paulo, mediante apresenta\u00e7\u00e3o de manifesta\u00e7\u00e3o manuscrita, individual e assinada, acompanhada de documento comprobat\u00f3rio do v\u00ednculo empregat\u00edcio, na sede do SINDIESP, de segunda a sexta-feira, das 09h00 \u00e0s 16h00, na Rua T\u00e1cito de Almeida, n\u00ba 87 \u2013 Sumar\u00e9, S\u00e3o Paulo\/SP, CEP 01251-010;<\/li>\n\n\n\n<li>Para os empregados que n\u00e3o residam na Grande S\u00e3o Paulo, por documento manuscrito, individual, assinado manualmente e pelo site https:\/\/www.gov.br, encaminhado \u00e0 sede do SINDIESP por carta registrada com Aviso de Recebimento (A.R.), acompanhado de documento comprobat\u00f3rio do v\u00ednculo empregat\u00edcio, n\u00e3o sendo aceito o envio de cartas de oposi\u00e7\u00e3o diversas no mesmo envelope;<\/li>\n\n\n\n<li>Para as hip\u00f3teses de envio por A.R., ser\u00e1 considerada tempestiva a oposi\u00e7\u00e3o postada dentro do prazo previsto no Par\u00e1grafo 2\u00ba, cabendo ao empregado conservar o comprovante de postagem e o A.R.<\/li>\n<\/ul>\n\n\n\n<p><strong>Par\u00e1grafo Terceiro:<\/strong> Os empregados em f\u00e9rias, afastamento em licen\u00e7a sa\u00fade, maternidade, trabalhando fora da base no prazo fixado para oposi\u00e7\u00e3o no par\u00e1grafo anterior, ou admitidos ap\u00f3s data-base, ter\u00e3o o prazo de 15 dias para manifestar oposi\u00e7\u00e3o, contados a partir de seu retorno ou in\u00edcio das atividades, observadas as mesmas formalidades previstas nos par\u00e1grafos anteriores acrescida de documenta\u00e7\u00e3o que comprove a efetiva data do retorno ao trabalho ou a data da contrata\u00e7\u00e3o, sob pena de indeferimento.<\/p>\n","protected":false},"excerpt":{"rendered":"<p>Seguindo o edital que convocou a categoria para aprova\u00e7\u00e3o da CCT, a categoria est\u00e1 assim: Todos os trabalhadores das \u00e1reas t\u00e9cnicas, administrativas e operacionais das empresas do segmento das seguintes categorias econ\u00f4micas: de desenho e projetos em softwares gr\u00e1ficos, web designs, acabamento, gr\u00e1fico digital, provedores de conte\u00fado e informa\u00e7\u00f5es, provedores de servi\u00e7os de aplica\u00e7\u00e3o, p\u00e1ginas [&hellip;]<\/p>\n","protected":false},"author":1,"featured_media":2326,"comment_status":"closed","ping_status":"open","sticky":false,"template":"","format":"standard","meta":{"_acf_changed":false,"footnotes":""},"categories":[6],"tags":[],"class_list":["post-2316","post","type-post","status-publish","format-standard","has-post-thumbnail","hentry","category-comunicados"],"acf":[],"yoast_head":"<!-- This site is optimized with the Yoast SEO plugin v25.8 - https:\/\/yoast.com\/wordpress\/plugins\/seo\/ -->\n<title>SINDIESP \/ FENINFRA Conven\u00e7\u00e3o Coletiva 2026\/2028 \u2013 Data Base: 1\u00ba de Maio - Sindiesp<\/title>\n<meta name=\"robots\" content=\"index, follow, max-snippet:-1, max-image-preview:large, max-video-preview:-1\" \/>\n<link rel=\"canonical\" href=\"https:\/\/www.sindiesp.org.br\/sindicato\/sindiesp-feninfra-convencao-coletiva-2026-2028-data-base-1o-de-maio\/\" \/>\n<meta property=\"og:locale\" content=\"pt_BR\" \/>\n<meta property=\"og:type\" content=\"article\" \/>\n<meta property=\"og:title\" content=\"SINDIESP \/ FENINFRA Conven\u00e7\u00e3o Coletiva 2026\/2028 \u2013 Data Base: 1\u00ba de Maio - Sindiesp\" \/>\n<meta property=\"og:description\" content=\"Seguindo o edital que convocou a categoria para aprova\u00e7\u00e3o da CCT, a categoria est\u00e1 assim: Todos os trabalhadores das \u00e1reas t\u00e9cnicas, administrativas e operacionais das empresas do segmento das seguintes categorias econ\u00f4micas: de desenho e projetos em softwares gr\u00e1ficos, web designs, acabamento, gr\u00e1fico digital, provedores de conte\u00fado e informa\u00e7\u00f5es, provedores de servi\u00e7os de aplica\u00e7\u00e3o, p\u00e1ginas [&hellip;]\" \/>\n<meta property=\"og:url\" content=\"https:\/\/www.sindiesp.org.br\/sindicato\/sindiesp-feninfra-convencao-coletiva-2026-2028-data-base-1o-de-maio\/\" \/>\n<meta property=\"og:site_name\" content=\"Sindiesp\" \/>\n<meta property=\"article:publisher\" content=\"https:\/\/www.facebook.com\/people\/Sindiesp\/61572322084556\/?locale=pt_BR\" \/>\n<meta property=\"article:published_time\" content=\"2026-04-30T13:44:32+00:00\" \/>\n<meta property=\"article:modified_time\" content=\"2026-04-30T14:11:28+00:00\" \/>\n<meta property=\"og:image\" content=\"https:\/\/www.sindiesp.org.br\/sindicato\/wp-content\/uploads\/2026\/04\/CAPA-CONVENCAO.webp\" \/>\n\t<meta property=\"og:image:width\" content=\"1000\" \/>\n\t<meta property=\"og:image:height\" content=\"645\" \/>\n\t<meta property=\"og:image:type\" content=\"image\/webp\" \/>\n<meta name=\"author\" content=\"admin\" \/>\n<meta name=\"twitter:card\" content=\"summary_large_image\" \/>\n<meta name=\"twitter:label1\" content=\"Escrito por\" \/>\n\t<meta name=\"twitter:data1\" content=\"admin\" \/>\n\t<meta name=\"twitter:label2\" content=\"Est. tempo de leitura\" \/>\n\t<meta name=\"twitter:data2\" content=\"7 minutos\" \/>\n<script type=\"application\/ld+json\" class=\"yoast-schema-graph\">{\"@context\":\"https:\/\/schema.org\",\"@graph\":[{\"@type\":\"Article\",\"@id\":\"https:\/\/www.sindiesp.org.br\/sindicato\/sindiesp-feninfra-convencao-coletiva-2026-2028-data-base-1o-de-maio\/#article\",\"isPartOf\":{\"@id\":\"https:\/\/www.sindiesp.org.br\/sindicato\/sindiesp-feninfra-convencao-coletiva-2026-2028-data-base-1o-de-maio\/\"},\"author\":{\"name\":\"admin\",\"@id\":\"https:\/\/www.sindiesp.org.br\/sindicato\/#\/schema\/person\/f0e659547a852e89bda8bb449410c7bd\"},\"headline\":\"SINDIESP \/ FENINFRA Conven\u00e7\u00e3o Coletiva 2026\/2028 \u2013 Data Base: 1\u00ba de Maio\",\"datePublished\":\"2026-04-30T13:44:32+00:00\",\"dateModified\":\"2026-04-30T14:11:28+00:00\",\"mainEntityOfPage\":{\"@id\":\"https:\/\/www.sindiesp.org.br\/sindicato\/sindiesp-feninfra-convencao-coletiva-2026-2028-data-base-1o-de-maio\/\"},\"wordCount\":1267,\"publisher\":{\"@id\":\"https:\/\/www.sindiesp.org.br\/sindicato\/#organization\"},\"image\":{\"@id\":\"https:\/\/www.sindiesp.org.br\/sindicato\/sindiesp-feninfra-convencao-coletiva-2026-2028-data-base-1o-de-maio\/#primaryimage\"},\"thumbnailUrl\":\"https:\/\/www.sindiesp.org.br\/sindicato\/wp-content\/uploads\/2026\/04\/CAPA-CONVENCAO.webp\",\"articleSection\":[\"Comunicados\"],\"inLanguage\":\"pt-BR\"},{\"@type\":\"WebPage\",\"@id\":\"https:\/\/www.sindiesp.org.br\/sindicato\/sindiesp-feninfra-convencao-coletiva-2026-2028-data-base-1o-de-maio\/\",\"url\":\"https:\/\/www.sindiesp.org.br\/sindicato\/sindiesp-feninfra-convencao-coletiva-2026-2028-data-base-1o-de-maio\/\",\"name\":\"SINDIESP \/ FENINFRA Conven\u00e7\u00e3o Coletiva 2026\/2028 \u2013 Data Base: 1\u00ba de Maio - Sindiesp\",\"isPartOf\":{\"@id\":\"https:\/\/www.sindiesp.org.br\/sindicato\/#website\"},\"primaryImageOfPage\":{\"@id\":\"https:\/\/www.sindiesp.org.br\/sindicato\/sindiesp-feninfra-convencao-coletiva-2026-2028-data-base-1o-de-maio\/#primaryimage\"},\"image\":{\"@id\":\"https:\/\/www.sindiesp.org.br\/sindicato\/sindiesp-feninfra-convencao-coletiva-2026-2028-data-base-1o-de-maio\/#primaryimage\"},\"thumbnailUrl\":\"https:\/\/www.sindiesp.org.br\/sindicato\/wp-content\/uploads\/2026\/04\/CAPA-CONVENCAO.webp\",\"datePublished\":\"2026-04-30T13:44:32+00:00\",\"dateModified\":\"2026-04-30T14:11:28+00:00\",\"breadcrumb\":{\"@id\":\"https:\/\/www.sindiesp.org.br\/sindicato\/sindiesp-feninfra-convencao-coletiva-2026-2028-data-base-1o-de-maio\/#breadcrumb\"},\"inLanguage\":\"pt-BR\",\"potentialAction\":[{\"@type\":\"ReadAction\",\"target\":[\"https:\/\/www.sindiesp.org.br\/sindicato\/sindiesp-feninfra-convencao-coletiva-2026-2028-data-base-1o-de-maio\/\"]}]},{\"@type\":\"ImageObject\",\"inLanguage\":\"pt-BR\",\"@id\":\"https:\/\/www.sindiesp.org.br\/sindicato\/sindiesp-feninfra-convencao-coletiva-2026-2028-data-base-1o-de-maio\/#primaryimage\",\"url\":\"https:\/\/www.sindiesp.org.br\/sindicato\/wp-content\/uploads\/2026\/04\/CAPA-CONVENCAO.webp\",\"contentUrl\":\"https:\/\/www.sindiesp.org.br\/sindicato\/wp-content\/uploads\/2026\/04\/CAPA-CONVENCAO.webp\",\"width\":1000,\"height\":645},{\"@type\":\"BreadcrumbList\",\"@id\":\"https:\/\/www.sindiesp.org.br\/sindicato\/sindiesp-feninfra-convencao-coletiva-2026-2028-data-base-1o-de-maio\/#breadcrumb\",\"itemListElement\":[{\"@type\":\"ListItem\",\"position\":1,\"name\":\"In\u00edcio\",\"item\":\"https:\/\/www.sindiesp.org.br\/sindicato\/\"},{\"@type\":\"ListItem\",\"position\":2,\"name\":\"SINDIESP \/ FENINFRA Conven\u00e7\u00e3o Coletiva 2026\/2028 \u2013 Data Base: 1\u00ba de Maio\"}]},{\"@type\":\"WebSite\",\"@id\":\"https:\/\/www.sindiesp.org.br\/sindicato\/#website\",\"url\":\"https:\/\/www.sindiesp.org.br\/sindicato\/\",\"name\":\"Sindiesp\",\"description\":\"Sindicato dos Trabalhadores nas Empresas de Internet, Manuten\u00e7\u00e3o e Cursos de Inform\u00e1tica do Estado de S\u00e3o Paulo\",\"publisher\":{\"@id\":\"https:\/\/www.sindiesp.org.br\/sindicato\/#organization\"},\"potentialAction\":[{\"@type\":\"SearchAction\",\"target\":{\"@type\":\"EntryPoint\",\"urlTemplate\":\"https:\/\/www.sindiesp.org.br\/sindicato\/?s={search_term_string}\"},\"query-input\":{\"@type\":\"PropertyValueSpecification\",\"valueRequired\":true,\"valueName\":\"search_term_string\"}}],\"inLanguage\":\"pt-BR\"},{\"@type\":\"Organization\",\"@id\":\"https:\/\/www.sindiesp.org.br\/sindicato\/#organization\",\"name\":\"Sindiesp\",\"alternateName\":\"Sindiesp\",\"url\":\"https:\/\/www.sindiesp.org.br\/sindicato\/\",\"logo\":{\"@type\":\"ImageObject\",\"inLanguage\":\"pt-BR\",\"@id\":\"https:\/\/www.sindiesp.org.br\/sindicato\/#\/schema\/logo\/image\/\",\"url\":\"https:\/\/www.sindiesp.org.br\/sindicato\/wp-content\/uploads\/2025\/01\/sindiesp-logo1.png\",\"contentUrl\":\"https:\/\/www.sindiesp.org.br\/sindicato\/wp-content\/uploads\/2025\/01\/sindiesp-logo1.png\",\"width\":242,\"height\":280,\"caption\":\"Sindiesp\"},\"image\":{\"@id\":\"https:\/\/www.sindiesp.org.br\/sindicato\/#\/schema\/logo\/image\/\"},\"sameAs\":[\"https:\/\/www.facebook.com\/people\/Sindiesp\/61572322084556\/?locale=pt_BR\",\"https:\/\/www.instagram.com\/sindiesp\/\",\"https:\/\/www.linkedin.com\/company\/sindiespsindicato\/\",\"https:\/\/www.youtube.com\/@sindiespsindicato\"]},{\"@type\":\"Person\",\"@id\":\"https:\/\/www.sindiesp.org.br\/sindicato\/#\/schema\/person\/f0e659547a852e89bda8bb449410c7bd\",\"name\":\"admin\",\"image\":{\"@type\":\"ImageObject\",\"inLanguage\":\"pt-BR\",\"@id\":\"https:\/\/www.sindiesp.org.br\/sindicato\/#\/schema\/person\/image\/\",\"url\":\"https:\/\/secure.gravatar.com\/avatar\/60782aa6be233cec62182f478af36dcc?s=96&d=mm&r=g\",\"contentUrl\":\"https:\/\/secure.gravatar.com\/avatar\/60782aa6be233cec62182f478af36dcc?s=96&d=mm&r=g\",\"caption\":\"admin\"},\"sameAs\":[\"https:\/\/sind.agencianovel.com.br\"],\"url\":\"https:\/\/www.sindiesp.org.br\/sindicato\/author\/admin_r58gz9hd\/\"}]}<\/script>\n<!-- \/ Yoast SEO plugin. -->","yoast_head_json":{"title":"SINDIESP \/ FENINFRA Conven\u00e7\u00e3o Coletiva 2026\/2028 \u2013 Data Base: 1\u00ba de Maio - Sindiesp","robots":{"index":"index","follow":"follow","max-snippet":"max-snippet:-1","max-image-preview":"max-image-preview:large","max-video-preview":"max-video-preview:-1"},"canonical":"https:\/\/www.sindiesp.org.br\/sindicato\/sindiesp-feninfra-convencao-coletiva-2026-2028-data-base-1o-de-maio\/","og_locale":"pt_BR","og_type":"article","og_title":"SINDIESP \/ FENINFRA Conven\u00e7\u00e3o Coletiva 2026\/2028 \u2013 Data Base: 1\u00ba de Maio - Sindiesp","og_description":"Seguindo o edital que convocou a categoria para aprova\u00e7\u00e3o da CCT, a categoria est\u00e1 assim: Todos os trabalhadores das \u00e1reas t\u00e9cnicas, administrativas e operacionais das empresas do segmento das seguintes categorias econ\u00f4micas: de desenho e projetos em softwares gr\u00e1ficos, web designs, acabamento, gr\u00e1fico digital, provedores de conte\u00fado e informa\u00e7\u00f5es, provedores de servi\u00e7os de aplica\u00e7\u00e3o, p\u00e1ginas [&hellip;]","og_url":"https:\/\/www.sindiesp.org.br\/sindicato\/sindiesp-feninfra-convencao-coletiva-2026-2028-data-base-1o-de-maio\/","og_site_name":"Sindiesp","article_publisher":"https:\/\/www.facebook.com\/people\/Sindiesp\/61572322084556\/?locale=pt_BR","article_published_time":"2026-04-30T13:44:32+00:00","article_modified_time":"2026-04-30T14:11:28+00:00","og_image":[{"width":1000,"height":645,"url":"https:\/\/www.sindiesp.org.br\/sindicato\/wp-content\/uploads\/2026\/04\/CAPA-CONVENCAO.webp","type":"image\/webp"}],"author":"admin","twitter_card":"summary_large_image","twitter_misc":{"Escrito por":"admin","Est. tempo de leitura":"7 minutos"},"schema":{"@context":"https:\/\/schema.org","@graph":[{"@type":"Article","@id":"https:\/\/www.sindiesp.org.br\/sindicato\/sindiesp-feninfra-convencao-coletiva-2026-2028-data-base-1o-de-maio\/#article","isPartOf":{"@id":"https:\/\/www.sindiesp.org.br\/sindicato\/sindiesp-feninfra-convencao-coletiva-2026-2028-data-base-1o-de-maio\/"},"author":{"name":"admin","@id":"https:\/\/www.sindiesp.org.br\/sindicato\/#\/schema\/person\/f0e659547a852e89bda8bb449410c7bd"},"headline":"SINDIESP \/ FENINFRA Conven\u00e7\u00e3o Coletiva 2026\/2028 \u2013 Data Base: 1\u00ba de Maio","datePublished":"2026-04-30T13:44:32+00:00","dateModified":"2026-04-30T14:11:28+00:00","mainEntityOfPage":{"@id":"https:\/\/www.sindiesp.org.br\/sindicato\/sindiesp-feninfra-convencao-coletiva-2026-2028-data-base-1o-de-maio\/"},"wordCount":1267,"publisher":{"@id":"https:\/\/www.sindiesp.org.br\/sindicato\/#organization"},"image":{"@id":"https:\/\/www.sindiesp.org.br\/sindicato\/sindiesp-feninfra-convencao-coletiva-2026-2028-data-base-1o-de-maio\/#primaryimage"},"thumbnailUrl":"https:\/\/www.sindiesp.org.br\/sindicato\/wp-content\/uploads\/2026\/04\/CAPA-CONVENCAO.webp","articleSection":["Comunicados"],"inLanguage":"pt-BR"},{"@type":"WebPage","@id":"https:\/\/www.sindiesp.org.br\/sindicato\/sindiesp-feninfra-convencao-coletiva-2026-2028-data-base-1o-de-maio\/","url":"https:\/\/www.sindiesp.org.br\/sindicato\/sindiesp-feninfra-convencao-coletiva-2026-2028-data-base-1o-de-maio\/","name":"SINDIESP \/ FENINFRA Conven\u00e7\u00e3o Coletiva 2026\/2028 \u2013 Data Base: 1\u00ba de Maio - Sindiesp","isPartOf":{"@id":"https:\/\/www.sindiesp.org.br\/sindicato\/#website"},"primaryImageOfPage":{"@id":"https:\/\/www.sindiesp.org.br\/sindicato\/sindiesp-feninfra-convencao-coletiva-2026-2028-data-base-1o-de-maio\/#primaryimage"},"image":{"@id":"https:\/\/www.sindiesp.org.br\/sindicato\/sindiesp-feninfra-convencao-coletiva-2026-2028-data-base-1o-de-maio\/#primaryimage"},"thumbnailUrl":"https:\/\/www.sindiesp.org.br\/sindicato\/wp-content\/uploads\/2026\/04\/CAPA-CONVENCAO.webp","datePublished":"2026-04-30T13:44:32+00:00","dateModified":"2026-04-30T14:11:28+00:00","breadcrumb":{"@id":"https:\/\/www.sindiesp.org.br\/sindicato\/sindiesp-feninfra-convencao-coletiva-2026-2028-data-base-1o-de-maio\/#breadcrumb"},"inLanguage":"pt-BR","potentialAction":[{"@type":"ReadAction","target":["https:\/\/www.sindiesp.org.br\/sindicato\/sindiesp-feninfra-convencao-coletiva-2026-2028-data-base-1o-de-maio\/"]}]},{"@type":"ImageObject","inLanguage":"pt-BR","@id":"https:\/\/www.sindiesp.org.br\/sindicato\/sindiesp-feninfra-convencao-coletiva-2026-2028-data-base-1o-de-maio\/#primaryimage","url":"https:\/\/www.sindiesp.org.br\/sindicato\/wp-content\/uploads\/2026\/04\/CAPA-CONVENCAO.webp","contentUrl":"https:\/\/www.sindiesp.org.br\/sindicato\/wp-content\/uploads\/2026\/04\/CAPA-CONVENCAO.webp","width":1000,"height":645},{"@type":"BreadcrumbList","@id":"https:\/\/www.sindiesp.org.br\/sindicato\/sindiesp-feninfra-convencao-coletiva-2026-2028-data-base-1o-de-maio\/#breadcrumb","itemListElement":[{"@type":"ListItem","position":1,"name":"In\u00edcio","item":"https:\/\/www.sindiesp.org.br\/sindicato\/"},{"@type":"ListItem","position":2,"name":"SINDIESP \/ FENINFRA Conven\u00e7\u00e3o Coletiva 2026\/2028 \u2013 Data Base: 1\u00ba de Maio"}]},{"@type":"WebSite","@id":"https:\/\/www.sindiesp.org.br\/sindicato\/#website","url":"https:\/\/www.sindiesp.org.br\/sindicato\/","name":"Sindiesp","description":"Sindicato dos Trabalhadores nas Empresas de Internet, Manuten\u00e7\u00e3o e Cursos de Inform\u00e1tica do Estado de S\u00e3o Paulo","publisher":{"@id":"https:\/\/www.sindiesp.org.br\/sindicato\/#organization"},"potentialAction":[{"@type":"SearchAction","target":{"@type":"EntryPoint","urlTemplate":"https:\/\/www.sindiesp.org.br\/sindicato\/?s={search_term_string}"},"query-input":{"@type":"PropertyValueSpecification","valueRequired":true,"valueName":"search_term_string"}}],"inLanguage":"pt-BR"},{"@type":"Organization","@id":"https:\/\/www.sindiesp.org.br\/sindicato\/#organization","name":"Sindiesp","alternateName":"Sindiesp","url":"https:\/\/www.sindiesp.org.br\/sindicato\/","logo":{"@type":"ImageObject","inLanguage":"pt-BR","@id":"https:\/\/www.sindiesp.org.br\/sindicato\/#\/schema\/logo\/image\/","url":"https:\/\/www.sindiesp.org.br\/sindicato\/wp-content\/uploads\/2025\/01\/sindiesp-logo1.png","contentUrl":"https:\/\/www.sindiesp.org.br\/sindicato\/wp-content\/uploads\/2025\/01\/sindiesp-logo1.png","width":242,"height":280,"caption":"Sindiesp"},"image":{"@id":"https:\/\/www.sindiesp.org.br\/sindicato\/#\/schema\/logo\/image\/"},"sameAs":["https:\/\/www.facebook.com\/people\/Sindiesp\/61572322084556\/?locale=pt_BR","https:\/\/www.instagram.com\/sindiesp\/","https:\/\/www.linkedin.com\/company\/sindiespsindicato\/","https:\/\/www.youtube.com\/@sindiespsindicato"]},{"@type":"Person","@id":"https:\/\/www.sindiesp.org.br\/sindicato\/#\/schema\/person\/f0e659547a852e89bda8bb449410c7bd","name":"admin","image":{"@type":"ImageObject","inLanguage":"pt-BR","@id":"https:\/\/www.sindiesp.org.br\/sindicato\/#\/schema\/person\/image\/","url":"https:\/\/secure.gravatar.com\/avatar\/60782aa6be233cec62182f478af36dcc?s=96&d=mm&r=g","contentUrl":"https:\/\/secure.gravatar.com\/avatar\/60782aa6be233cec62182f478af36dcc?s=96&d=mm&r=g","caption":"admin"},"sameAs":["https:\/\/sind.agencianovel.com.br"],"url":"https:\/\/www.sindiesp.org.br\/sindicato\/author\/admin_r58gz9hd\/"}]}},"_links":{"self":[{"href":"https:\/\/www.sindiesp.org.br\/sindicato\/wp-json\/wp\/v2\/posts\/2316","targetHints":{"allow":["GET"]}}],"collection":[{"href":"https:\/\/www.sindiesp.org.br\/sindicato\/wp-json\/wp\/v2\/posts"}],"about":[{"href":"https:\/\/www.sindiesp.org.br\/sindicato\/wp-json\/wp\/v2\/types\/post"}],"author":[{"embeddable":true,"href":"https:\/\/www.sindiesp.org.br\/sindicato\/wp-json\/wp\/v2\/users\/1"}],"replies":[{"embeddable":true,"href":"https:\/\/www.sindiesp.org.br\/sindicato\/wp-json\/wp\/v2\/comments?post=2316"}],"version-history":[{"count":5,"href":"https:\/\/www.sindiesp.org.br\/sindicato\/wp-json\/wp\/v2\/posts\/2316\/revisions"}],"predecessor-version":[{"id":2325,"href":"https:\/\/www.sindiesp.org.br\/sindicato\/wp-json\/wp\/v2\/posts\/2316\/revisions\/2325"}],"wp:featuredmedia":[{"embeddable":true,"href":"https:\/\/www.sindiesp.org.br\/sindicato\/wp-json\/wp\/v2\/media\/2326"}],"wp:attachment":[{"href":"https:\/\/www.sindiesp.org.br\/sindicato\/wp-json\/wp\/v2\/media?parent=2316"}],"wp:term":[{"taxonomy":"category","embeddable":true,"href":"https:\/\/www.sindiesp.org.br\/sindicato\/wp-json\/wp\/v2\/categories?post=2316"},{"taxonomy":"post_tag","embeddable":true,"href":"https:\/\/www.sindiesp.org.br\/sindicato\/wp-json\/wp\/v2\/tags?post=2316"}],"curies":[{"name":"wp","href":"https:\/\/api.w.org\/{rel}","templated":true}]}}