{"id":2261,"date":"2026-04-16T14:00:43","date_gmt":"2026-04-16T14:00:43","guid":{"rendered":"https:\/\/www.sindiesp.org.br\/sindicato\/?p=2261"},"modified":"2026-04-23T16:30:16","modified_gmt":"2026-04-23T16:30:16","slug":"2026-2027-data-base-1o-de-marco-convencao-coletiva","status":"publish","type":"post","link":"https:\/\/www.sindiesp.org.br\/sindicato\/2026-2027-data-base-1o-de-marco-convencao-coletiva\/","title":{"rendered":"Conven\u00e7\u00e3o Coletiva 2026\/2027 \u2013 Data Base: 1\u00ba DE Mar\u00e7o"},"content":{"rendered":"\n<p>Seguindo o edital que convocou a categoria para aprova\u00e7\u00e3o da CCT, a categoria est\u00e1 assim: todos os trabalhadores nas \u00e1reas t\u00e9cnicas, administrativas e operacionais das empresas do segmento das categorias econ\u00f4micas de Cursos e treinamentos em inform\u00e1tica, cursos e treinamentos de manuten\u00e7\u00e3o e inform\u00e1tica, cursos de inform\u00e1tica franqueados, cursos de inform\u00e1tica com venda de material did\u00e1tico inerente, no Estado de S\u00e3o Paulo, incluindo as M\u00e9dias, Pequenas e Micro Empresas, como tamb\u00e9m as Empresas abrangidas pela Lei n.\u00ba 9.317\/96, alterada pela Lei n.\u00ba 9.732\/98, com abrang\u00eancia territorial no Estado de S\u00e3o Paulo.<\/p>\n\n\n\n<p>Fica aberto o Prazo de oposi\u00e7\u00e3o nos termos da Cl\u00e1usula 57\u00aa. CONTRIBUI\u00c7\u00c3O DA COTA NEGOCIAL da CCT 2026\/2027 data base 1\u00ba de mar\u00e7o.<br>In\u00edcio de 16\/04\/2026 at\u00e9 o dia 30\/04\/2026 no hor\u00e1rio das 09:00 \u00e0s 16:00h, de segunda a sexta-feira a ser apresentada pessoalmente, na sede do Sindiesp na Rua T\u00e1cito de Almeida, n\u00ba 87, Sumar\u00e9, Cidade de S\u00e3o Paulo\/SP.<br><br>\u00a72\u00ba \u2013 Fica assegurado o prazo de 15 (quinze) dias, a partir da assinatura da presente CONVEN\u00c7\u00c3O COLETIVA DE TRABALHO para os empregados oporem-se ao desconto, atrav\u00e9s de manifesta\u00e7\u00e3o manuscrita e individualizada (constando a identifica\u00e7\u00e3o da empresa e do empregado), anexando a esta o documento de comprova\u00e7\u00e3o do v\u00ednculo empregat\u00edcio (carteira de trabalho-CTPS), a ser apresentada pessoalmente, na sede do SINDIESP;<br><br>Os trabalhadores de fora da Cidade de S\u00e3o Paulo, poder\u00e3o se opor atrav\u00e9s de carta registrada manuscrita e individualizada, destinada \u00e0 sede do SINDIESP (Rua T\u00e1cito de Almeida, n\u00ba 87 \u2013 Sumar\u00e9, S\u00e3o Paulo, CEP 01251-010) com aviso de recebimento, anexando a esta o documento de comprova\u00e7\u00e3o do v\u00ednculo empregat\u00edcio, do dia do dia 16 ao dia 30 de abril de 2026.<br><br>\u00a73\u00ba \u2013 Os empregados em f\u00e9rias, afastamento em licen\u00e7a sa\u00fade, maternidade, trabalhando fora da base ou admitido ap\u00f3s data-base ter\u00e3o o mesmo prazo para manifestar oposi\u00e7\u00e3o.<\/p>\n","protected":false},"excerpt":{"rendered":"<p>Seguindo o edital que convocou a categoria para aprova\u00e7\u00e3o da CCT, a categoria est\u00e1 assim: todos os trabalhadores nas \u00e1reas t\u00e9cnicas, administrativas e operacionais das empresas do segmento das categorias econ\u00f4micas de Cursos e treinamentos em inform\u00e1tica, cursos e treinamentos de manuten\u00e7\u00e3o e inform\u00e1tica, cursos de inform\u00e1tica franqueados, cursos de inform\u00e1tica com venda de material [&hellip;]<\/p>\n","protected":false},"author":1,"featured_media":2262,"comment_status":"closed","ping_status":"open","sticky":false,"template":"","format":"standard","meta":{"_acf_changed":false,"footnotes":""},"categories":[6],"tags":[],"class_list":["post-2261","post","type-post","status-publish","format-standard","has-post-thumbnail","hentry","category-comunicados"],"acf":[],"yoast_head":"<!-- This site is optimized with the Yoast SEO plugin v25.8 - https:\/\/yoast.com\/wordpress\/plugins\/seo\/ -->\n<title>Conven\u00e7\u00e3o Coletiva 2026\/2027 \u2013 Data Base: 1\u00ba DE Mar\u00e7o - Sindiesp<\/title>\n<meta name=\"robots\" content=\"index, follow, max-snippet:-1, max-image-preview:large, max-video-preview:-1\" \/>\n<link rel=\"canonical\" href=\"https:\/\/www.sindiesp.org.br\/sindicato\/2026-2027-data-base-1o-de-marco-convencao-coletiva\/\" \/>\n<meta property=\"og:locale\" content=\"pt_BR\" \/>\n<meta property=\"og:type\" content=\"article\" \/>\n<meta property=\"og:title\" content=\"Conven\u00e7\u00e3o Coletiva 2026\/2027 \u2013 Data Base: 1\u00ba DE Mar\u00e7o - Sindiesp\" \/>\n<meta property=\"og:description\" content=\"Seguindo o edital que convocou a categoria para aprova\u00e7\u00e3o da CCT, a categoria est\u00e1 assim: todos os trabalhadores nas \u00e1reas t\u00e9cnicas, administrativas e operacionais das empresas do segmento das categorias econ\u00f4micas de Cursos e treinamentos em inform\u00e1tica, cursos e treinamentos de manuten\u00e7\u00e3o e inform\u00e1tica, cursos de inform\u00e1tica franqueados, cursos de inform\u00e1tica com venda de material [&hellip;]\" \/>\n<meta property=\"og:url\" content=\"https:\/\/www.sindiesp.org.br\/sindicato\/2026-2027-data-base-1o-de-marco-convencao-coletiva\/\" \/>\n<meta property=\"og:site_name\" content=\"Sindiesp\" \/>\n<meta property=\"article:publisher\" content=\"https:\/\/www.facebook.com\/people\/Sindiesp\/61572322084556\/?locale=pt_BR\" \/>\n<meta property=\"article:published_time\" content=\"2026-04-16T14:00:43+00:00\" \/>\n<meta property=\"article:modified_time\" content=\"2026-04-23T16:30:16+00:00\" \/>\n<meta property=\"og:image\" content=\"https:\/\/www.sindiesp.org.br\/sindicato\/wp-content\/uploads\/2026\/04\/2026-2027.webp\" \/>\n\t<meta property=\"og:image:width\" content=\"1536\" \/>\n\t<meta property=\"og:image:height\" content=\"1024\" \/>\n\t<meta property=\"og:image:type\" content=\"image\/webp\" \/>\n<meta name=\"author\" content=\"admin\" \/>\n<meta name=\"twitter:card\" content=\"summary_large_image\" \/>\n<meta name=\"twitter:label1\" content=\"Escrito por\" \/>\n\t<meta name=\"twitter:data1\" content=\"admin\" \/>\n\t<meta name=\"twitter:label2\" content=\"Est. tempo de leitura\" \/>\n\t<meta name=\"twitter:data2\" content=\"2 minutos\" \/>\n<script type=\"application\/ld+json\" class=\"yoast-schema-graph\">{\"@context\":\"https:\/\/schema.org\",\"@graph\":[{\"@type\":\"Article\",\"@id\":\"https:\/\/www.sindiesp.org.br\/sindicato\/2026-2027-data-base-1o-de-marco-convencao-coletiva\/#article\",\"isPartOf\":{\"@id\":\"https:\/\/www.sindiesp.org.br\/sindicato\/2026-2027-data-base-1o-de-marco-convencao-coletiva\/\"},\"author\":{\"name\":\"admin\",\"@id\":\"https:\/\/www.sindiesp.org.br\/sindicato\/#\/schema\/person\/f0e659547a852e89bda8bb449410c7bd\"},\"headline\":\"Conven\u00e7\u00e3o Coletiva 2026\/2027 \u2013 Data Base: 1\u00ba DE Mar\u00e7o\",\"datePublished\":\"2026-04-16T14:00:43+00:00\",\"dateModified\":\"2026-04-23T16:30:16+00:00\",\"mainEntityOfPage\":{\"@id\":\"https:\/\/www.sindiesp.org.br\/sindicato\/2026-2027-data-base-1o-de-marco-convencao-coletiva\/\"},\"wordCount\":332,\"publisher\":{\"@id\":\"https:\/\/www.sindiesp.org.br\/sindicato\/#organization\"},\"image\":{\"@id\":\"https:\/\/www.sindiesp.org.br\/sindicato\/2026-2027-data-base-1o-de-marco-convencao-coletiva\/#primaryimage\"},\"thumbnailUrl\":\"https:\/\/www.sindiesp.org.br\/sindicato\/wp-content\/uploads\/2026\/04\/2026-2027.webp\",\"articleSection\":[\"Comunicados\"],\"inLanguage\":\"pt-BR\"},{\"@type\":\"WebPage\",\"@id\":\"https:\/\/www.sindiesp.org.br\/sindicato\/2026-2027-data-base-1o-de-marco-convencao-coletiva\/\",\"url\":\"https:\/\/www.sindiesp.org.br\/sindicato\/2026-2027-data-base-1o-de-marco-convencao-coletiva\/\",\"name\":\"Conven\u00e7\u00e3o Coletiva 2026\/2027 \u2013 Data Base: 1\u00ba DE Mar\u00e7o - Sindiesp\",\"isPartOf\":{\"@id\":\"https:\/\/www.sindiesp.org.br\/sindicato\/#website\"},\"primaryImageOfPage\":{\"@id\":\"https:\/\/www.sindiesp.org.br\/sindicato\/2026-2027-data-base-1o-de-marco-convencao-coletiva\/#primaryimage\"},\"image\":{\"@id\":\"https:\/\/www.sindiesp.org.br\/sindicato\/2026-2027-data-base-1o-de-marco-convencao-coletiva\/#primaryimage\"},\"thumbnailUrl\":\"https:\/\/www.sindiesp.org.br\/sindicato\/wp-content\/uploads\/2026\/04\/2026-2027.webp\",\"datePublished\":\"2026-04-16T14:00:43+00:00\",\"dateModified\":\"2026-04-23T16:30:16+00:00\",\"breadcrumb\":{\"@id\":\"https:\/\/www.sindiesp.org.br\/sindicato\/2026-2027-data-base-1o-de-marco-convencao-coletiva\/#breadcrumb\"},\"inLanguage\":\"pt-BR\",\"potentialAction\":[{\"@type\":\"ReadAction\",\"target\":[\"https:\/\/www.sindiesp.org.br\/sindicato\/2026-2027-data-base-1o-de-marco-convencao-coletiva\/\"]}]},{\"@type\":\"ImageObject\",\"inLanguage\":\"pt-BR\",\"@id\":\"https:\/\/www.sindiesp.org.br\/sindicato\/2026-2027-data-base-1o-de-marco-convencao-coletiva\/#primaryimage\",\"url\":\"https:\/\/www.sindiesp.org.br\/sindicato\/wp-content\/uploads\/2026\/04\/2026-2027.webp\",\"contentUrl\":\"https:\/\/www.sindiesp.org.br\/sindicato\/wp-content\/uploads\/2026\/04\/2026-2027.webp\",\"width\":1536,\"height\":1024},{\"@type\":\"BreadcrumbList\",\"@id\":\"https:\/\/www.sindiesp.org.br\/sindicato\/2026-2027-data-base-1o-de-marco-convencao-coletiva\/#breadcrumb\",\"itemListElement\":[{\"@type\":\"ListItem\",\"position\":1,\"name\":\"In\u00edcio\",\"item\":\"https:\/\/www.sindiesp.org.br\/sindicato\/\"},{\"@type\":\"ListItem\",\"position\":2,\"name\":\"Conven\u00e7\u00e3o Coletiva 2026\/2027 \u2013 Data Base: 1\u00ba DE Mar\u00e7o\"}]},{\"@type\":\"WebSite\",\"@id\":\"https:\/\/www.sindiesp.org.br\/sindicato\/#website\",\"url\":\"https:\/\/www.sindiesp.org.br\/sindicato\/\",\"name\":\"Sindiesp\",\"description\":\"Sindicato dos Trabalhadores nas Empresas de Internet, Manuten\u00e7\u00e3o e Cursos de Inform\u00e1tica do Estado de S\u00e3o Paulo\",\"publisher\":{\"@id\":\"https:\/\/www.sindiesp.org.br\/sindicato\/#organization\"},\"potentialAction\":[{\"@type\":\"SearchAction\",\"target\":{\"@type\":\"EntryPoint\",\"urlTemplate\":\"https:\/\/www.sindiesp.org.br\/sindicato\/?s={search_term_string}\"},\"query-input\":{\"@type\":\"PropertyValueSpecification\",\"valueRequired\":true,\"valueName\":\"search_term_string\"}}],\"inLanguage\":\"pt-BR\"},{\"@type\":\"Organization\",\"@id\":\"https:\/\/www.sindiesp.org.br\/sindicato\/#organization\",\"name\":\"Sindiesp\",\"alternateName\":\"Sindiesp\",\"url\":\"https:\/\/www.sindiesp.org.br\/sindicato\/\",\"logo\":{\"@type\":\"ImageObject\",\"inLanguage\":\"pt-BR\",\"@id\":\"https:\/\/www.sindiesp.org.br\/sindicato\/#\/schema\/logo\/image\/\",\"url\":\"https:\/\/www.sindiesp.org.br\/sindicato\/wp-content\/uploads\/2025\/01\/sindiesp-logo1.png\",\"contentUrl\":\"https:\/\/www.sindiesp.org.br\/sindicato\/wp-content\/uploads\/2025\/01\/sindiesp-logo1.png\",\"width\":242,\"height\":280,\"caption\":\"Sindiesp\"},\"image\":{\"@id\":\"https:\/\/www.sindiesp.org.br\/sindicato\/#\/schema\/logo\/image\/\"},\"sameAs\":[\"https:\/\/www.facebook.com\/people\/Sindiesp\/61572322084556\/?locale=pt_BR\",\"https:\/\/www.instagram.com\/sindiesp\/\",\"https:\/\/www.linkedin.com\/company\/sindiespsindicato\/\",\"https:\/\/www.youtube.com\/@sindiespsindicato\"]},{\"@type\":\"Person\",\"@id\":\"https:\/\/www.sindiesp.org.br\/sindicato\/#\/schema\/person\/f0e659547a852e89bda8bb449410c7bd\",\"name\":\"admin\",\"image\":{\"@type\":\"ImageObject\",\"inLanguage\":\"pt-BR\",\"@id\":\"https:\/\/www.sindiesp.org.br\/sindicato\/#\/schema\/person\/image\/\",\"url\":\"https:\/\/secure.gravatar.com\/avatar\/60782aa6be233cec62182f478af36dcc?s=96&d=mm&r=g\",\"contentUrl\":\"https:\/\/secure.gravatar.com\/avatar\/60782aa6be233cec62182f478af36dcc?s=96&d=mm&r=g\",\"caption\":\"admin\"},\"sameAs\":[\"https:\/\/sind.agencianovel.com.br\"],\"url\":\"https:\/\/www.sindiesp.org.br\/sindicato\/author\/admin_r58gz9hd\/\"}]}<\/script>\n<!-- \/ Yoast SEO plugin. -->","yoast_head_json":{"title":"Conven\u00e7\u00e3o Coletiva 2026\/2027 \u2013 Data Base: 1\u00ba DE Mar\u00e7o - Sindiesp","robots":{"index":"index","follow":"follow","max-snippet":"max-snippet:-1","max-image-preview":"max-image-preview:large","max-video-preview":"max-video-preview:-1"},"canonical":"https:\/\/www.sindiesp.org.br\/sindicato\/2026-2027-data-base-1o-de-marco-convencao-coletiva\/","og_locale":"pt_BR","og_type":"article","og_title":"Conven\u00e7\u00e3o Coletiva 2026\/2027 \u2013 Data Base: 1\u00ba DE Mar\u00e7o - Sindiesp","og_description":"Seguindo o edital que convocou a categoria para aprova\u00e7\u00e3o da CCT, a categoria est\u00e1 assim: todos os trabalhadores nas \u00e1reas t\u00e9cnicas, administrativas e operacionais das empresas do segmento das categorias econ\u00f4micas de Cursos e treinamentos em inform\u00e1tica, cursos e treinamentos de manuten\u00e7\u00e3o e inform\u00e1tica, cursos de inform\u00e1tica franqueados, cursos de inform\u00e1tica com venda de material [&hellip;]","og_url":"https:\/\/www.sindiesp.org.br\/sindicato\/2026-2027-data-base-1o-de-marco-convencao-coletiva\/","og_site_name":"Sindiesp","article_publisher":"https:\/\/www.facebook.com\/people\/Sindiesp\/61572322084556\/?locale=pt_BR","article_published_time":"2026-04-16T14:00:43+00:00","article_modified_time":"2026-04-23T16:30:16+00:00","og_image":[{"width":1536,"height":1024,"url":"https:\/\/www.sindiesp.org.br\/sindicato\/wp-content\/uploads\/2026\/04\/2026-2027.webp","type":"image\/webp"}],"author":"admin","twitter_card":"summary_large_image","twitter_misc":{"Escrito por":"admin","Est. tempo de leitura":"2 minutos"},"schema":{"@context":"https:\/\/schema.org","@graph":[{"@type":"Article","@id":"https:\/\/www.sindiesp.org.br\/sindicato\/2026-2027-data-base-1o-de-marco-convencao-coletiva\/#article","isPartOf":{"@id":"https:\/\/www.sindiesp.org.br\/sindicato\/2026-2027-data-base-1o-de-marco-convencao-coletiva\/"},"author":{"name":"admin","@id":"https:\/\/www.sindiesp.org.br\/sindicato\/#\/schema\/person\/f0e659547a852e89bda8bb449410c7bd"},"headline":"Conven\u00e7\u00e3o Coletiva 2026\/2027 \u2013 Data Base: 1\u00ba DE Mar\u00e7o","datePublished":"2026-04-16T14:00:43+00:00","dateModified":"2026-04-23T16:30:16+00:00","mainEntityOfPage":{"@id":"https:\/\/www.sindiesp.org.br\/sindicato\/2026-2027-data-base-1o-de-marco-convencao-coletiva\/"},"wordCount":332,"publisher":{"@id":"https:\/\/www.sindiesp.org.br\/sindicato\/#organization"},"image":{"@id":"https:\/\/www.sindiesp.org.br\/sindicato\/2026-2027-data-base-1o-de-marco-convencao-coletiva\/#primaryimage"},"thumbnailUrl":"https:\/\/www.sindiesp.org.br\/sindicato\/wp-content\/uploads\/2026\/04\/2026-2027.webp","articleSection":["Comunicados"],"inLanguage":"pt-BR"},{"@type":"WebPage","@id":"https:\/\/www.sindiesp.org.br\/sindicato\/2026-2027-data-base-1o-de-marco-convencao-coletiva\/","url":"https:\/\/www.sindiesp.org.br\/sindicato\/2026-2027-data-base-1o-de-marco-convencao-coletiva\/","name":"Conven\u00e7\u00e3o Coletiva 2026\/2027 \u2013 Data Base: 1\u00ba DE Mar\u00e7o - Sindiesp","isPartOf":{"@id":"https:\/\/www.sindiesp.org.br\/sindicato\/#website"},"primaryImageOfPage":{"@id":"https:\/\/www.sindiesp.org.br\/sindicato\/2026-2027-data-base-1o-de-marco-convencao-coletiva\/#primaryimage"},"image":{"@id":"https:\/\/www.sindiesp.org.br\/sindicato\/2026-2027-data-base-1o-de-marco-convencao-coletiva\/#primaryimage"},"thumbnailUrl":"https:\/\/www.sindiesp.org.br\/sindicato\/wp-content\/uploads\/2026\/04\/2026-2027.webp","datePublished":"2026-04-16T14:00:43+00:00","dateModified":"2026-04-23T16:30:16+00:00","breadcrumb":{"@id":"https:\/\/www.sindiesp.org.br\/sindicato\/2026-2027-data-base-1o-de-marco-convencao-coletiva\/#breadcrumb"},"inLanguage":"pt-BR","potentialAction":[{"@type":"ReadAction","target":["https:\/\/www.sindiesp.org.br\/sindicato\/2026-2027-data-base-1o-de-marco-convencao-coletiva\/"]}]},{"@type":"ImageObject","inLanguage":"pt-BR","@id":"https:\/\/www.sindiesp.org.br\/sindicato\/2026-2027-data-base-1o-de-marco-convencao-coletiva\/#primaryimage","url":"https:\/\/www.sindiesp.org.br\/sindicato\/wp-content\/uploads\/2026\/04\/2026-2027.webp","contentUrl":"https:\/\/www.sindiesp.org.br\/sindicato\/wp-content\/uploads\/2026\/04\/2026-2027.webp","width":1536,"height":1024},{"@type":"BreadcrumbList","@id":"https:\/\/www.sindiesp.org.br\/sindicato\/2026-2027-data-base-1o-de-marco-convencao-coletiva\/#breadcrumb","itemListElement":[{"@type":"ListItem","position":1,"name":"In\u00edcio","item":"https:\/\/www.sindiesp.org.br\/sindicato\/"},{"@type":"ListItem","position":2,"name":"Conven\u00e7\u00e3o Coletiva 2026\/2027 \u2013 Data Base: 1\u00ba DE Mar\u00e7o"}]},{"@type":"WebSite","@id":"https:\/\/www.sindiesp.org.br\/sindicato\/#website","url":"https:\/\/www.sindiesp.org.br\/sindicato\/","name":"Sindiesp","description":"Sindicato dos Trabalhadores nas Empresas de Internet, Manuten\u00e7\u00e3o e Cursos de Inform\u00e1tica do Estado de S\u00e3o Paulo","publisher":{"@id":"https:\/\/www.sindiesp.org.br\/sindicato\/#organization"},"potentialAction":[{"@type":"SearchAction","target":{"@type":"EntryPoint","urlTemplate":"https:\/\/www.sindiesp.org.br\/sindicato\/?s={search_term_string}"},"query-input":{"@type":"PropertyValueSpecification","valueRequired":true,"valueName":"search_term_string"}}],"inLanguage":"pt-BR"},{"@type":"Organization","@id":"https:\/\/www.sindiesp.org.br\/sindicato\/#organization","name":"Sindiesp","alternateName":"Sindiesp","url":"https:\/\/www.sindiesp.org.br\/sindicato\/","logo":{"@type":"ImageObject","inLanguage":"pt-BR","@id":"https:\/\/www.sindiesp.org.br\/sindicato\/#\/schema\/logo\/image\/","url":"https:\/\/www.sindiesp.org.br\/sindicato\/wp-content\/uploads\/2025\/01\/sindiesp-logo1.png","contentUrl":"https:\/\/www.sindiesp.org.br\/sindicato\/wp-content\/uploads\/2025\/01\/sindiesp-logo1.png","width":242,"height":280,"caption":"Sindiesp"},"image":{"@id":"https:\/\/www.sindiesp.org.br\/sindicato\/#\/schema\/logo\/image\/"},"sameAs":["https:\/\/www.facebook.com\/people\/Sindiesp\/61572322084556\/?locale=pt_BR","https:\/\/www.instagram.com\/sindiesp\/","https:\/\/www.linkedin.com\/company\/sindiespsindicato\/","https:\/\/www.youtube.com\/@sindiespsindicato"]},{"@type":"Person","@id":"https:\/\/www.sindiesp.org.br\/sindicato\/#\/schema\/person\/f0e659547a852e89bda8bb449410c7bd","name":"admin","image":{"@type":"ImageObject","inLanguage":"pt-BR","@id":"https:\/\/www.sindiesp.org.br\/sindicato\/#\/schema\/person\/image\/","url":"https:\/\/secure.gravatar.com\/avatar\/60782aa6be233cec62182f478af36dcc?s=96&d=mm&r=g","contentUrl":"https:\/\/secure.gravatar.com\/avatar\/60782aa6be233cec62182f478af36dcc?s=96&d=mm&r=g","caption":"admin"},"sameAs":["https:\/\/sind.agencianovel.com.br"],"url":"https:\/\/www.sindiesp.org.br\/sindicato\/author\/admin_r58gz9hd\/"}]}},"_links":{"self":[{"href":"https:\/\/www.sindiesp.org.br\/sindicato\/wp-json\/wp\/v2\/posts\/2261","targetHints":{"allow":["GET"]}}],"collection":[{"href":"https:\/\/www.sindiesp.org.br\/sindicato\/wp-json\/wp\/v2\/posts"}],"about":[{"href":"https:\/\/www.sindiesp.org.br\/sindicato\/wp-json\/wp\/v2\/types\/post"}],"author":[{"embeddable":true,"href":"https:\/\/www.sindiesp.org.br\/sindicato\/wp-json\/wp\/v2\/users\/1"}],"replies":[{"embeddable":true,"href":"https:\/\/www.sindiesp.org.br\/sindicato\/wp-json\/wp\/v2\/comments?post=2261"}],"version-history":[{"count":6,"href":"https:\/\/www.sindiesp.org.br\/sindicato\/wp-json\/wp\/v2\/posts\/2261\/revisions"}],"predecessor-version":[{"id":2302,"href":"https:\/\/www.sindiesp.org.br\/sindicato\/wp-json\/wp\/v2\/posts\/2261\/revisions\/2302"}],"wp:featuredmedia":[{"embeddable":true,"href":"https:\/\/www.sindiesp.org.br\/sindicato\/wp-json\/wp\/v2\/media\/2262"}],"wp:attachment":[{"href":"https:\/\/www.sindiesp.org.br\/sindicato\/wp-json\/wp\/v2\/media?parent=2261"}],"wp:term":[{"taxonomy":"category","embeddable":true,"href":"https:\/\/www.sindiesp.org.br\/sindicato\/wp-json\/wp\/v2\/categories?post=2261"},{"taxonomy":"post_tag","embeddable":true,"href":"https:\/\/www.sindiesp.org.br\/sindicato\/wp-json\/wp\/v2\/tags?post=2261"}],"curies":[{"name":"wp","href":"https:\/\/api.w.org\/{rel}","templated":true}]}}