{"id":2214,"date":"2026-04-07T20:33:48","date_gmt":"2026-04-07T20:33:48","guid":{"rendered":"https:\/\/www.sindiesp.org.br\/sindicato\/?p=2214"},"modified":"2026-04-08T20:36:05","modified_gmt":"2026-04-08T20:36:05","slug":"convencoes-coletivas-protegem-a-categoria","status":"publish","type":"post","link":"https:\/\/www.sindiesp.org.br\/sindicato\/convencoes-coletivas-protegem-a-categoria\/","title":{"rendered":"Conven\u00e7\u00f5es coletivas protegem a categoria"},"content":{"rendered":"\n<p>As conven\u00e7\u00f5es coletivas desempenham um papel fundamental na organiza\u00e7\u00e3o das rela\u00e7\u00f5es de trabalho e na prote\u00e7\u00e3o dos direitos dos trabalhadores. Elas s\u00e3o instrumentos que estabelecem regras espec\u00edficas para cada setor, garantindo condi\u00e7\u00f5es de trabalho mais claras, equilibradas e adequadas \u00e0 realidade de cada categoria profissional.<br><br>No setor de tecnologia e internet, onde as atividades s\u00e3o diversas e est\u00e3o em constante transforma\u00e7\u00e3o, as conven\u00e7\u00f5es coletivas ajudam a definir par\u00e2metros importantes para as rela\u00e7\u00f5es de trabalho. Por meio delas, s\u00e3o estabelecidas condi\u00e7\u00f5es como pisos salariais, benef\u00edcios, jornadas, garantias e outras normas que contribuem para a valoriza\u00e7\u00e3o profissional e para a seguran\u00e7a nas rela\u00e7\u00f5es entre trabalhadores e empresas.<br>Esses acordos s\u00e3o resultado de negocia\u00e7\u00f5es entre representantes dos trabalhadores e das empresas, buscando sempre o equil\u00edbrio e o respeito \u00e0s necessidades de cada parte. A negocia\u00e7\u00e3o coletiva permite que as regras do setor sejam discutidas de forma respons\u00e1vel, considerando as particularidades da atividade econ\u00f4mica e as demandas da categoria.<br><br>Para os trabalhadores, as conven\u00e7\u00f5es coletivas representam uma prote\u00e7\u00e3o adicional aos direitos previstos na legisla\u00e7\u00e3o. Elas ampliam garantias, organizam condi\u00e7\u00f5es de trabalho e fortalecem a seguran\u00e7a jur\u00eddica nas rela\u00e7\u00f5es profissionais. Quando essas regras s\u00e3o claras e respeitadas, os trabalhadores passam a ter mais previsibilidade e estabilidade no exerc\u00edcio de suas fun\u00e7\u00f5es.<br><br>Para as empresas, a conven\u00e7\u00e3o coletiva tamb\u00e9m traz benef\u00edcios importantes. Ela estabelece diretrizes que ajudam a orientar a gest\u00e3o das rela\u00e7\u00f5es de trabalho, evitando conflitos, d\u00favidas e interpreta\u00e7\u00f5es equivocadas sobre direitos e obriga\u00e7\u00f5es. Dessa forma, contribui para ambientes profissionais mais organizados e transparentes.<br>O SINDIESP atua na negocia\u00e7\u00e3o e na defesa das conven\u00e7\u00f5es coletivas da categoria, buscando garantir condi\u00e7\u00f5es de trabalho justas, equilibradas e adequadas \u00e0 realidade do setor de tecnologia e internet. A atua\u00e7\u00e3o sindical \u00e9 essencial para que as necessidades dos trabalhadores sejam consideradas e para que as rela\u00e7\u00f5es profissionais se desenvolvam de forma respons\u00e1vel e segura.<br><br>Fortalecer as conven\u00e7\u00f5es coletivas significa fortalecer toda a categoria. Elas s\u00e3o instrumentos de prote\u00e7\u00e3o, organiza\u00e7\u00e3o e valoriza\u00e7\u00e3o do trabalho, contribuindo para rela\u00e7\u00f5es profissionais mais equilibradas e para o desenvolvimento sustent\u00e1vel do setor.<\/p>\n","protected":false},"excerpt":{"rendered":"<p>As conven\u00e7\u00f5es coletivas desempenham um papel fundamental na organiza\u00e7\u00e3o das rela\u00e7\u00f5es de trabalho e na prote\u00e7\u00e3o dos direitos dos trabalhadores. Elas s\u00e3o instrumentos que estabelecem regras espec\u00edficas para cada setor, garantindo condi\u00e7\u00f5es de trabalho mais claras, equilibradas e adequadas \u00e0 realidade de cada categoria profissional. No setor de tecnologia e internet, onde as atividades s\u00e3o [&hellip;]<\/p>\n","protected":false},"author":1,"featured_media":2215,"comment_status":"closed","ping_status":"open","sticky":false,"template":"","format":"standard","meta":{"_acf_changed":false,"footnotes":""},"categories":[7],"tags":[],"class_list":["post-2214","post","type-post","status-publish","format-standard","has-post-thumbnail","hentry","category-noticias"],"acf":[],"yoast_head":"<!-- This site is optimized with the Yoast SEO plugin v25.8 - https:\/\/yoast.com\/wordpress\/plugins\/seo\/ -->\n<title>Conven\u00e7\u00f5es coletivas protegem a categoria - Sindiesp<\/title>\n<meta name=\"robots\" content=\"index, follow, max-snippet:-1, max-image-preview:large, max-video-preview:-1\" \/>\n<link rel=\"canonical\" href=\"https:\/\/www.sindiesp.org.br\/sindicato\/convencoes-coletivas-protegem-a-categoria\/\" \/>\n<meta property=\"og:locale\" content=\"pt_BR\" \/>\n<meta property=\"og:type\" content=\"article\" \/>\n<meta property=\"og:title\" content=\"Conven\u00e7\u00f5es coletivas protegem a categoria - Sindiesp\" \/>\n<meta property=\"og:description\" content=\"As conven\u00e7\u00f5es coletivas desempenham um papel fundamental na organiza\u00e7\u00e3o das rela\u00e7\u00f5es de trabalho e na prote\u00e7\u00e3o dos direitos dos trabalhadores. Elas s\u00e3o instrumentos que estabelecem regras espec\u00edficas para cada setor, garantindo condi\u00e7\u00f5es de trabalho mais claras, equilibradas e adequadas \u00e0 realidade de cada categoria profissional. No setor de tecnologia e internet, onde as atividades s\u00e3o [&hellip;]\" \/>\n<meta property=\"og:url\" content=\"https:\/\/www.sindiesp.org.br\/sindicato\/convencoes-coletivas-protegem-a-categoria\/\" \/>\n<meta property=\"og:site_name\" content=\"Sindiesp\" \/>\n<meta property=\"article:publisher\" content=\"https:\/\/www.facebook.com\/people\/Sindiesp\/61572322084556\/?locale=pt_BR\" \/>\n<meta property=\"article:published_time\" content=\"2026-04-07T20:33:48+00:00\" \/>\n<meta property=\"article:modified_time\" content=\"2026-04-08T20:36:05+00:00\" \/>\n<meta property=\"og:image\" content=\"https:\/\/www.sindiesp.org.br\/sindicato\/wp-content\/uploads\/2026\/04\/blog-convencoes-coletivas-categoria.jpeg\" \/>\n\t<meta property=\"og:image:width\" content=\"1600\" \/>\n\t<meta property=\"og:image:height\" content=\"901\" \/>\n\t<meta property=\"og:image:type\" content=\"image\/jpeg\" \/>\n<meta name=\"author\" content=\"admin\" \/>\n<meta name=\"twitter:card\" content=\"summary_large_image\" \/>\n<meta name=\"twitter:label1\" content=\"Escrito por\" \/>\n\t<meta name=\"twitter:data1\" content=\"admin\" \/>\n\t<meta name=\"twitter:label2\" content=\"Est. tempo de leitura\" \/>\n\t<meta name=\"twitter:data2\" content=\"3 minutos\" \/>\n<script type=\"application\/ld+json\" class=\"yoast-schema-graph\">{\"@context\":\"https:\/\/schema.org\",\"@graph\":[{\"@type\":\"Article\",\"@id\":\"https:\/\/www.sindiesp.org.br\/sindicato\/convencoes-coletivas-protegem-a-categoria\/#article\",\"isPartOf\":{\"@id\":\"https:\/\/www.sindiesp.org.br\/sindicato\/convencoes-coletivas-protegem-a-categoria\/\"},\"author\":{\"name\":\"admin\",\"@id\":\"https:\/\/www.sindiesp.org.br\/sindicato\/#\/schema\/person\/f0e659547a852e89bda8bb449410c7bd\"},\"headline\":\"Conven\u00e7\u00f5es coletivas protegem a categoria\",\"datePublished\":\"2026-04-07T20:33:48+00:00\",\"dateModified\":\"2026-04-08T20:36:05+00:00\",\"mainEntityOfPage\":{\"@id\":\"https:\/\/www.sindiesp.org.br\/sindicato\/convencoes-coletivas-protegem-a-categoria\/\"},\"wordCount\":396,\"publisher\":{\"@id\":\"https:\/\/www.sindiesp.org.br\/sindicato\/#organization\"},\"image\":{\"@id\":\"https:\/\/www.sindiesp.org.br\/sindicato\/convencoes-coletivas-protegem-a-categoria\/#primaryimage\"},\"thumbnailUrl\":\"https:\/\/www.sindiesp.org.br\/sindicato\/wp-content\/uploads\/2026\/04\/blog-convencoes-coletivas-categoria.jpeg\",\"articleSection\":[\"Not\u00edcias\"],\"inLanguage\":\"pt-BR\"},{\"@type\":\"WebPage\",\"@id\":\"https:\/\/www.sindiesp.org.br\/sindicato\/convencoes-coletivas-protegem-a-categoria\/\",\"url\":\"https:\/\/www.sindiesp.org.br\/sindicato\/convencoes-coletivas-protegem-a-categoria\/\",\"name\":\"Conven\u00e7\u00f5es coletivas protegem a categoria - Sindiesp\",\"isPartOf\":{\"@id\":\"https:\/\/www.sindiesp.org.br\/sindicato\/#website\"},\"primaryImageOfPage\":{\"@id\":\"https:\/\/www.sindiesp.org.br\/sindicato\/convencoes-coletivas-protegem-a-categoria\/#primaryimage\"},\"image\":{\"@id\":\"https:\/\/www.sindiesp.org.br\/sindicato\/convencoes-coletivas-protegem-a-categoria\/#primaryimage\"},\"thumbnailUrl\":\"https:\/\/www.sindiesp.org.br\/sindicato\/wp-content\/uploads\/2026\/04\/blog-convencoes-coletivas-categoria.jpeg\",\"datePublished\":\"2026-04-07T20:33:48+00:00\",\"dateModified\":\"2026-04-08T20:36:05+00:00\",\"breadcrumb\":{\"@id\":\"https:\/\/www.sindiesp.org.br\/sindicato\/convencoes-coletivas-protegem-a-categoria\/#breadcrumb\"},\"inLanguage\":\"pt-BR\",\"potentialAction\":[{\"@type\":\"ReadAction\",\"target\":[\"https:\/\/www.sindiesp.org.br\/sindicato\/convencoes-coletivas-protegem-a-categoria\/\"]}]},{\"@type\":\"ImageObject\",\"inLanguage\":\"pt-BR\",\"@id\":\"https:\/\/www.sindiesp.org.br\/sindicato\/convencoes-coletivas-protegem-a-categoria\/#primaryimage\",\"url\":\"https:\/\/www.sindiesp.org.br\/sindicato\/wp-content\/uploads\/2026\/04\/blog-convencoes-coletivas-categoria.jpeg\",\"contentUrl\":\"https:\/\/www.sindiesp.org.br\/sindicato\/wp-content\/uploads\/2026\/04\/blog-convencoes-coletivas-categoria.jpeg\",\"width\":1600,\"height\":901},{\"@type\":\"BreadcrumbList\",\"@id\":\"https:\/\/www.sindiesp.org.br\/sindicato\/convencoes-coletivas-protegem-a-categoria\/#breadcrumb\",\"itemListElement\":[{\"@type\":\"ListItem\",\"position\":1,\"name\":\"In\u00edcio\",\"item\":\"https:\/\/www.sindiesp.org.br\/sindicato\/\"},{\"@type\":\"ListItem\",\"position\":2,\"name\":\"Conven\u00e7\u00f5es coletivas protegem a categoria\"}]},{\"@type\":\"WebSite\",\"@id\":\"https:\/\/www.sindiesp.org.br\/sindicato\/#website\",\"url\":\"https:\/\/www.sindiesp.org.br\/sindicato\/\",\"name\":\"Sindiesp\",\"description\":\"Sindicato dos Trabalhadores nas Empresas de Internet, Manuten\u00e7\u00e3o e Cursos de Inform\u00e1tica do Estado de S\u00e3o Paulo\",\"publisher\":{\"@id\":\"https:\/\/www.sindiesp.org.br\/sindicato\/#organization\"},\"potentialAction\":[{\"@type\":\"SearchAction\",\"target\":{\"@type\":\"EntryPoint\",\"urlTemplate\":\"https:\/\/www.sindiesp.org.br\/sindicato\/?s={search_term_string}\"},\"query-input\":{\"@type\":\"PropertyValueSpecification\",\"valueRequired\":true,\"valueName\":\"search_term_string\"}}],\"inLanguage\":\"pt-BR\"},{\"@type\":\"Organization\",\"@id\":\"https:\/\/www.sindiesp.org.br\/sindicato\/#organization\",\"name\":\"Sindiesp\",\"alternateName\":\"Sindiesp\",\"url\":\"https:\/\/www.sindiesp.org.br\/sindicato\/\",\"logo\":{\"@type\":\"ImageObject\",\"inLanguage\":\"pt-BR\",\"@id\":\"https:\/\/www.sindiesp.org.br\/sindicato\/#\/schema\/logo\/image\/\",\"url\":\"https:\/\/www.sindiesp.org.br\/sindicato\/wp-content\/uploads\/2025\/01\/sindiesp-logo1.png\",\"contentUrl\":\"https:\/\/www.sindiesp.org.br\/sindicato\/wp-content\/uploads\/2025\/01\/sindiesp-logo1.png\",\"width\":242,\"height\":280,\"caption\":\"Sindiesp\"},\"image\":{\"@id\":\"https:\/\/www.sindiesp.org.br\/sindicato\/#\/schema\/logo\/image\/\"},\"sameAs\":[\"https:\/\/www.facebook.com\/people\/Sindiesp\/61572322084556\/?locale=pt_BR\",\"https:\/\/www.instagram.com\/sindiesp\/\",\"https:\/\/www.linkedin.com\/company\/sindiespsindicato\/\",\"https:\/\/www.youtube.com\/@sindiespsindicato\"]},{\"@type\":\"Person\",\"@id\":\"https:\/\/www.sindiesp.org.br\/sindicato\/#\/schema\/person\/f0e659547a852e89bda8bb449410c7bd\",\"name\":\"admin\",\"image\":{\"@type\":\"ImageObject\",\"inLanguage\":\"pt-BR\",\"@id\":\"https:\/\/www.sindiesp.org.br\/sindicato\/#\/schema\/person\/image\/\",\"url\":\"https:\/\/secure.gravatar.com\/avatar\/60782aa6be233cec62182f478af36dcc?s=96&d=mm&r=g\",\"contentUrl\":\"https:\/\/secure.gravatar.com\/avatar\/60782aa6be233cec62182f478af36dcc?s=96&d=mm&r=g\",\"caption\":\"admin\"},\"sameAs\":[\"https:\/\/sind.agencianovel.com.br\"],\"url\":\"https:\/\/www.sindiesp.org.br\/sindicato\/author\/admin_r58gz9hd\/\"}]}<\/script>\n<!-- \/ Yoast SEO plugin. -->","yoast_head_json":{"title":"Conven\u00e7\u00f5es coletivas protegem a categoria - Sindiesp","robots":{"index":"index","follow":"follow","max-snippet":"max-snippet:-1","max-image-preview":"max-image-preview:large","max-video-preview":"max-video-preview:-1"},"canonical":"https:\/\/www.sindiesp.org.br\/sindicato\/convencoes-coletivas-protegem-a-categoria\/","og_locale":"pt_BR","og_type":"article","og_title":"Conven\u00e7\u00f5es coletivas protegem a categoria - Sindiesp","og_description":"As conven\u00e7\u00f5es coletivas desempenham um papel fundamental na organiza\u00e7\u00e3o das rela\u00e7\u00f5es de trabalho e na prote\u00e7\u00e3o dos direitos dos trabalhadores. Elas s\u00e3o instrumentos que estabelecem regras espec\u00edficas para cada setor, garantindo condi\u00e7\u00f5es de trabalho mais claras, equilibradas e adequadas \u00e0 realidade de cada categoria profissional. No setor de tecnologia e internet, onde as atividades s\u00e3o [&hellip;]","og_url":"https:\/\/www.sindiesp.org.br\/sindicato\/convencoes-coletivas-protegem-a-categoria\/","og_site_name":"Sindiesp","article_publisher":"https:\/\/www.facebook.com\/people\/Sindiesp\/61572322084556\/?locale=pt_BR","article_published_time":"2026-04-07T20:33:48+00:00","article_modified_time":"2026-04-08T20:36:05+00:00","og_image":[{"width":1600,"height":901,"url":"https:\/\/www.sindiesp.org.br\/sindicato\/wp-content\/uploads\/2026\/04\/blog-convencoes-coletivas-categoria.jpeg","type":"image\/jpeg"}],"author":"admin","twitter_card":"summary_large_image","twitter_misc":{"Escrito por":"admin","Est. tempo de leitura":"3 minutos"},"schema":{"@context":"https:\/\/schema.org","@graph":[{"@type":"Article","@id":"https:\/\/www.sindiesp.org.br\/sindicato\/convencoes-coletivas-protegem-a-categoria\/#article","isPartOf":{"@id":"https:\/\/www.sindiesp.org.br\/sindicato\/convencoes-coletivas-protegem-a-categoria\/"},"author":{"name":"admin","@id":"https:\/\/www.sindiesp.org.br\/sindicato\/#\/schema\/person\/f0e659547a852e89bda8bb449410c7bd"},"headline":"Conven\u00e7\u00f5es coletivas protegem a categoria","datePublished":"2026-04-07T20:33:48+00:00","dateModified":"2026-04-08T20:36:05+00:00","mainEntityOfPage":{"@id":"https:\/\/www.sindiesp.org.br\/sindicato\/convencoes-coletivas-protegem-a-categoria\/"},"wordCount":396,"publisher":{"@id":"https:\/\/www.sindiesp.org.br\/sindicato\/#organization"},"image":{"@id":"https:\/\/www.sindiesp.org.br\/sindicato\/convencoes-coletivas-protegem-a-categoria\/#primaryimage"},"thumbnailUrl":"https:\/\/www.sindiesp.org.br\/sindicato\/wp-content\/uploads\/2026\/04\/blog-convencoes-coletivas-categoria.jpeg","articleSection":["Not\u00edcias"],"inLanguage":"pt-BR"},{"@type":"WebPage","@id":"https:\/\/www.sindiesp.org.br\/sindicato\/convencoes-coletivas-protegem-a-categoria\/","url":"https:\/\/www.sindiesp.org.br\/sindicato\/convencoes-coletivas-protegem-a-categoria\/","name":"Conven\u00e7\u00f5es coletivas protegem a categoria - Sindiesp","isPartOf":{"@id":"https:\/\/www.sindiesp.org.br\/sindicato\/#website"},"primaryImageOfPage":{"@id":"https:\/\/www.sindiesp.org.br\/sindicato\/convencoes-coletivas-protegem-a-categoria\/#primaryimage"},"image":{"@id":"https:\/\/www.sindiesp.org.br\/sindicato\/convencoes-coletivas-protegem-a-categoria\/#primaryimage"},"thumbnailUrl":"https:\/\/www.sindiesp.org.br\/sindicato\/wp-content\/uploads\/2026\/04\/blog-convencoes-coletivas-categoria.jpeg","datePublished":"2026-04-07T20:33:48+00:00","dateModified":"2026-04-08T20:36:05+00:00","breadcrumb":{"@id":"https:\/\/www.sindiesp.org.br\/sindicato\/convencoes-coletivas-protegem-a-categoria\/#breadcrumb"},"inLanguage":"pt-BR","potentialAction":[{"@type":"ReadAction","target":["https:\/\/www.sindiesp.org.br\/sindicato\/convencoes-coletivas-protegem-a-categoria\/"]}]},{"@type":"ImageObject","inLanguage":"pt-BR","@id":"https:\/\/www.sindiesp.org.br\/sindicato\/convencoes-coletivas-protegem-a-categoria\/#primaryimage","url":"https:\/\/www.sindiesp.org.br\/sindicato\/wp-content\/uploads\/2026\/04\/blog-convencoes-coletivas-categoria.jpeg","contentUrl":"https:\/\/www.sindiesp.org.br\/sindicato\/wp-content\/uploads\/2026\/04\/blog-convencoes-coletivas-categoria.jpeg","width":1600,"height":901},{"@type":"BreadcrumbList","@id":"https:\/\/www.sindiesp.org.br\/sindicato\/convencoes-coletivas-protegem-a-categoria\/#breadcrumb","itemListElement":[{"@type":"ListItem","position":1,"name":"In\u00edcio","item":"https:\/\/www.sindiesp.org.br\/sindicato\/"},{"@type":"ListItem","position":2,"name":"Conven\u00e7\u00f5es coletivas protegem a categoria"}]},{"@type":"WebSite","@id":"https:\/\/www.sindiesp.org.br\/sindicato\/#website","url":"https:\/\/www.sindiesp.org.br\/sindicato\/","name":"Sindiesp","description":"Sindicato dos Trabalhadores nas Empresas de Internet, Manuten\u00e7\u00e3o e Cursos de Inform\u00e1tica do Estado de S\u00e3o Paulo","publisher":{"@id":"https:\/\/www.sindiesp.org.br\/sindicato\/#organization"},"potentialAction":[{"@type":"SearchAction","target":{"@type":"EntryPoint","urlTemplate":"https:\/\/www.sindiesp.org.br\/sindicato\/?s={search_term_string}"},"query-input":{"@type":"PropertyValueSpecification","valueRequired":true,"valueName":"search_term_string"}}],"inLanguage":"pt-BR"},{"@type":"Organization","@id":"https:\/\/www.sindiesp.org.br\/sindicato\/#organization","name":"Sindiesp","alternateName":"Sindiesp","url":"https:\/\/www.sindiesp.org.br\/sindicato\/","logo":{"@type":"ImageObject","inLanguage":"pt-BR","@id":"https:\/\/www.sindiesp.org.br\/sindicato\/#\/schema\/logo\/image\/","url":"https:\/\/www.sindiesp.org.br\/sindicato\/wp-content\/uploads\/2025\/01\/sindiesp-logo1.png","contentUrl":"https:\/\/www.sindiesp.org.br\/sindicato\/wp-content\/uploads\/2025\/01\/sindiesp-logo1.png","width":242,"height":280,"caption":"Sindiesp"},"image":{"@id":"https:\/\/www.sindiesp.org.br\/sindicato\/#\/schema\/logo\/image\/"},"sameAs":["https:\/\/www.facebook.com\/people\/Sindiesp\/61572322084556\/?locale=pt_BR","https:\/\/www.instagram.com\/sindiesp\/","https:\/\/www.linkedin.com\/company\/sindiespsindicato\/","https:\/\/www.youtube.com\/@sindiespsindicato"]},{"@type":"Person","@id":"https:\/\/www.sindiesp.org.br\/sindicato\/#\/schema\/person\/f0e659547a852e89bda8bb449410c7bd","name":"admin","image":{"@type":"ImageObject","inLanguage":"pt-BR","@id":"https:\/\/www.sindiesp.org.br\/sindicato\/#\/schema\/person\/image\/","url":"https:\/\/secure.gravatar.com\/avatar\/60782aa6be233cec62182f478af36dcc?s=96&d=mm&r=g","contentUrl":"https:\/\/secure.gravatar.com\/avatar\/60782aa6be233cec62182f478af36dcc?s=96&d=mm&r=g","caption":"admin"},"sameAs":["https:\/\/sind.agencianovel.com.br"],"url":"https:\/\/www.sindiesp.org.br\/sindicato\/author\/admin_r58gz9hd\/"}]}},"_links":{"self":[{"href":"https:\/\/www.sindiesp.org.br\/sindicato\/wp-json\/wp\/v2\/posts\/2214","targetHints":{"allow":["GET"]}}],"collection":[{"href":"https:\/\/www.sindiesp.org.br\/sindicato\/wp-json\/wp\/v2\/posts"}],"about":[{"href":"https:\/\/www.sindiesp.org.br\/sindicato\/wp-json\/wp\/v2\/types\/post"}],"author":[{"embeddable":true,"href":"https:\/\/www.sindiesp.org.br\/sindicato\/wp-json\/wp\/v2\/users\/1"}],"replies":[{"embeddable":true,"href":"https:\/\/www.sindiesp.org.br\/sindicato\/wp-json\/wp\/v2\/comments?post=2214"}],"version-history":[{"count":1,"href":"https:\/\/www.sindiesp.org.br\/sindicato\/wp-json\/wp\/v2\/posts\/2214\/revisions"}],"predecessor-version":[{"id":2216,"href":"https:\/\/www.sindiesp.org.br\/sindicato\/wp-json\/wp\/v2\/posts\/2214\/revisions\/2216"}],"wp:featuredmedia":[{"embeddable":true,"href":"https:\/\/www.sindiesp.org.br\/sindicato\/wp-json\/wp\/v2\/media\/2215"}],"wp:attachment":[{"href":"https:\/\/www.sindiesp.org.br\/sindicato\/wp-json\/wp\/v2\/media?parent=2214"}],"wp:term":[{"taxonomy":"category","embeddable":true,"href":"https:\/\/www.sindiesp.org.br\/sindicato\/wp-json\/wp\/v2\/categories?post=2214"},{"taxonomy":"post_tag","embeddable":true,"href":"https:\/\/www.sindiesp.org.br\/sindicato\/wp-json\/wp\/v2\/tags?post=2214"}],"curies":[{"name":"wp","href":"https:\/\/api.w.org\/{rel}","templated":true}]}}