{"id":2131,"date":"2025-11-17T18:52:03","date_gmt":"2025-11-17T18:52:03","guid":{"rendered":"https:\/\/www.sindiesp.org.br\/sindicato\/?p=2131"},"modified":"2025-11-17T18:52:46","modified_gmt":"2025-11-17T18:52:46","slug":"josilene-grellet-pereira-ltda","status":"publish","type":"post","link":"https:\/\/www.sindiesp.org.br\/sindicato\/josilene-grellet-pereira-ltda\/","title":{"rendered":"Josilene Grellet Pereira LTDA"},"content":{"rendered":"\n<p><strong>Benef\u00edcio ofertado:<\/strong><br>Realiza\u00e7\u00e3o de atendimento psicol\u00f3gico, no formato online ou presencial, aos associados e dependentes, com desconto de 30% sobre o valor atual da sess\u00e3o. P\u00fablico-alvo: crian\u00e7as, adolescentes, adultos e idosos.<\/p>\n\n\n\n<p><strong>Condi\u00e7\u00e3o:<\/strong><br>\u00c9 necess\u00e1rio comprovar a condi\u00e7\u00e3o de associado ou colaborador do SINDIESP, mediante apresenta\u00e7\u00e3o de documento oficial ou declara\u00e7\u00e3o atualizada emitida pelo SINDIESP.<\/p>\n\n\n\n<p><strong>Validade:<\/strong><br>Fica reconhecido, por qualquer das partes, o direito de rescindir o conv\u00eanio sem responsabilidade, mediante comunica\u00e7\u00e3o por escrito com 30 (trinta) dias de anteced\u00eancia.<\/p>\n\n\n\n<p><strong>Observa\u00e7\u00f5es gerais:<\/strong><br>Contrato assinado em 15\/10\/2025.<\/p>\n\n\n\n<p><strong>Telefone:<\/strong> (16) 98816-3400<\/p>\n","protected":false},"excerpt":{"rendered":"<p>Benef\u00edcio ofertado:Realiza\u00e7\u00e3o de atendimento psicol\u00f3gico, no formato online ou presencial, aos associados e dependentes, com desconto de 30% sobre o valor atual da sess\u00e3o. P\u00fablico-alvo: crian\u00e7as, adolescentes, adultos e idosos. Condi\u00e7\u00e3o:\u00c9 necess\u00e1rio comprovar a condi\u00e7\u00e3o de associado ou colaborador do SINDIESP, mediante apresenta\u00e7\u00e3o de documento oficial ou declara\u00e7\u00e3o atualizada emitida pelo SINDIESP. Validade:Fica reconhecido, por [&hellip;]<\/p>\n","protected":false},"author":1,"featured_media":2132,"comment_status":"closed","ping_status":"open","sticky":false,"template":"","format":"standard","meta":{"_acf_changed":false,"footnotes":""},"categories":[5],"tags":[],"class_list":["post-2131","post","type-post","status-publish","format-standard","has-post-thumbnail","hentry","category-parcerias"],"acf":[],"yoast_head":"<!-- This site is optimized with the Yoast SEO plugin v25.8 - https:\/\/yoast.com\/wordpress\/plugins\/seo\/ -->\n<title>Josilene Grellet Pereira LTDA - Sindiesp<\/title>\n<meta name=\"robots\" content=\"index, follow, max-snippet:-1, max-image-preview:large, max-video-preview:-1\" \/>\n<link rel=\"canonical\" href=\"https:\/\/www.sindiesp.org.br\/sindicato\/josilene-grellet-pereira-ltda\/\" \/>\n<meta property=\"og:locale\" content=\"pt_BR\" \/>\n<meta property=\"og:type\" content=\"article\" \/>\n<meta property=\"og:title\" content=\"Josilene Grellet Pereira LTDA - Sindiesp\" \/>\n<meta property=\"og:description\" content=\"Benef\u00edcio ofertado:Realiza\u00e7\u00e3o de atendimento psicol\u00f3gico, no formato online ou presencial, aos associados e dependentes, com desconto de 30% sobre o valor atual da sess\u00e3o. P\u00fablico-alvo: crian\u00e7as, adolescentes, adultos e idosos. Condi\u00e7\u00e3o:\u00c9 necess\u00e1rio comprovar a condi\u00e7\u00e3o de associado ou colaborador do SINDIESP, mediante apresenta\u00e7\u00e3o de documento oficial ou declara\u00e7\u00e3o atualizada emitida pelo SINDIESP. Validade:Fica reconhecido, por [&hellip;]\" \/>\n<meta property=\"og:url\" content=\"https:\/\/www.sindiesp.org.br\/sindicato\/josilene-grellet-pereira-ltda\/\" \/>\n<meta property=\"og:site_name\" content=\"Sindiesp\" \/>\n<meta property=\"article:publisher\" content=\"https:\/\/www.facebook.com\/people\/Sindiesp\/61572322084556\/?locale=pt_BR\" \/>\n<meta property=\"article:published_time\" content=\"2025-11-17T18:52:03+00:00\" \/>\n<meta property=\"article:modified_time\" content=\"2025-11-17T18:52:46+00:00\" \/>\n<meta property=\"og:image\" content=\"https:\/\/www.sindiesp.org.br\/sindicato\/wp-content\/uploads\/2025\/11\/josilene-grellet-pereira.png\" \/>\n\t<meta property=\"og:image:width\" content=\"284\" \/>\n\t<meta property=\"og:image:height\" content=\"284\" \/>\n\t<meta property=\"og:image:type\" content=\"image\/png\" \/>\n<meta name=\"author\" content=\"admin\" \/>\n<meta name=\"twitter:card\" content=\"summary_large_image\" \/>\n<meta name=\"twitter:label1\" content=\"Escrito por\" \/>\n\t<meta name=\"twitter:data1\" content=\"admin\" \/>\n\t<meta name=\"twitter:label2\" content=\"Est. tempo de leitura\" \/>\n\t<meta name=\"twitter:data2\" content=\"1 minuto\" \/>\n<script type=\"application\/ld+json\" class=\"yoast-schema-graph\">{\"@context\":\"https:\/\/schema.org\",\"@graph\":[{\"@type\":\"Article\",\"@id\":\"https:\/\/www.sindiesp.org.br\/sindicato\/josilene-grellet-pereira-ltda\/#article\",\"isPartOf\":{\"@id\":\"https:\/\/www.sindiesp.org.br\/sindicato\/josilene-grellet-pereira-ltda\/\"},\"author\":{\"name\":\"admin\",\"@id\":\"https:\/\/www.sindiesp.org.br\/sindicato\/#\/schema\/person\/f0e659547a852e89bda8bb449410c7bd\"},\"headline\":\"Josilene Grellet Pereira LTDA\",\"datePublished\":\"2025-11-17T18:52:03+00:00\",\"dateModified\":\"2025-11-17T18:52:46+00:00\",\"mainEntityOfPage\":{\"@id\":\"https:\/\/www.sindiesp.org.br\/sindicato\/josilene-grellet-pereira-ltda\/\"},\"wordCount\":102,\"publisher\":{\"@id\":\"https:\/\/www.sindiesp.org.br\/sindicato\/#organization\"},\"image\":{\"@id\":\"https:\/\/www.sindiesp.org.br\/sindicato\/josilene-grellet-pereira-ltda\/#primaryimage\"},\"thumbnailUrl\":\"https:\/\/www.sindiesp.org.br\/sindicato\/wp-content\/uploads\/2025\/11\/josilene-grellet-pereira.png\",\"articleSection\":[\"Parcerias\"],\"inLanguage\":\"pt-BR\"},{\"@type\":\"WebPage\",\"@id\":\"https:\/\/www.sindiesp.org.br\/sindicato\/josilene-grellet-pereira-ltda\/\",\"url\":\"https:\/\/www.sindiesp.org.br\/sindicato\/josilene-grellet-pereira-ltda\/\",\"name\":\"Josilene Grellet Pereira LTDA - Sindiesp\",\"isPartOf\":{\"@id\":\"https:\/\/www.sindiesp.org.br\/sindicato\/#website\"},\"primaryImageOfPage\":{\"@id\":\"https:\/\/www.sindiesp.org.br\/sindicato\/josilene-grellet-pereira-ltda\/#primaryimage\"},\"image\":{\"@id\":\"https:\/\/www.sindiesp.org.br\/sindicato\/josilene-grellet-pereira-ltda\/#primaryimage\"},\"thumbnailUrl\":\"https:\/\/www.sindiesp.org.br\/sindicato\/wp-content\/uploads\/2025\/11\/josilene-grellet-pereira.png\",\"datePublished\":\"2025-11-17T18:52:03+00:00\",\"dateModified\":\"2025-11-17T18:52:46+00:00\",\"breadcrumb\":{\"@id\":\"https:\/\/www.sindiesp.org.br\/sindicato\/josilene-grellet-pereira-ltda\/#breadcrumb\"},\"inLanguage\":\"pt-BR\",\"potentialAction\":[{\"@type\":\"ReadAction\",\"target\":[\"https:\/\/www.sindiesp.org.br\/sindicato\/josilene-grellet-pereira-ltda\/\"]}]},{\"@type\":\"ImageObject\",\"inLanguage\":\"pt-BR\",\"@id\":\"https:\/\/www.sindiesp.org.br\/sindicato\/josilene-grellet-pereira-ltda\/#primaryimage\",\"url\":\"https:\/\/www.sindiesp.org.br\/sindicato\/wp-content\/uploads\/2025\/11\/josilene-grellet-pereira.png\",\"contentUrl\":\"https:\/\/www.sindiesp.org.br\/sindicato\/wp-content\/uploads\/2025\/11\/josilene-grellet-pereira.png\",\"width\":284,\"height\":284},{\"@type\":\"BreadcrumbList\",\"@id\":\"https:\/\/www.sindiesp.org.br\/sindicato\/josilene-grellet-pereira-ltda\/#breadcrumb\",\"itemListElement\":[{\"@type\":\"ListItem\",\"position\":1,\"name\":\"In\u00edcio\",\"item\":\"https:\/\/www.sindiesp.org.br\/sindicato\/\"},{\"@type\":\"ListItem\",\"position\":2,\"name\":\"Josilene Grellet Pereira LTDA\"}]},{\"@type\":\"WebSite\",\"@id\":\"https:\/\/www.sindiesp.org.br\/sindicato\/#website\",\"url\":\"https:\/\/www.sindiesp.org.br\/sindicato\/\",\"name\":\"Sindiesp\",\"description\":\"Sindicato dos Trabalhadores nas Empresas de Internet, Manuten\u00e7\u00e3o e Cursos de Inform\u00e1tica do Estado de S\u00e3o Paulo\",\"publisher\":{\"@id\":\"https:\/\/www.sindiesp.org.br\/sindicato\/#organization\"},\"potentialAction\":[{\"@type\":\"SearchAction\",\"target\":{\"@type\":\"EntryPoint\",\"urlTemplate\":\"https:\/\/www.sindiesp.org.br\/sindicato\/?s={search_term_string}\"},\"query-input\":{\"@type\":\"PropertyValueSpecification\",\"valueRequired\":true,\"valueName\":\"search_term_string\"}}],\"inLanguage\":\"pt-BR\"},{\"@type\":\"Organization\",\"@id\":\"https:\/\/www.sindiesp.org.br\/sindicato\/#organization\",\"name\":\"Sindiesp\",\"alternateName\":\"Sindiesp\",\"url\":\"https:\/\/www.sindiesp.org.br\/sindicato\/\",\"logo\":{\"@type\":\"ImageObject\",\"inLanguage\":\"pt-BR\",\"@id\":\"https:\/\/www.sindiesp.org.br\/sindicato\/#\/schema\/logo\/image\/\",\"url\":\"https:\/\/www.sindiesp.org.br\/sindicato\/wp-content\/uploads\/2025\/01\/sindiesp-logo1.png\",\"contentUrl\":\"https:\/\/www.sindiesp.org.br\/sindicato\/wp-content\/uploads\/2025\/01\/sindiesp-logo1.png\",\"width\":242,\"height\":280,\"caption\":\"Sindiesp\"},\"image\":{\"@id\":\"https:\/\/www.sindiesp.org.br\/sindicato\/#\/schema\/logo\/image\/\"},\"sameAs\":[\"https:\/\/www.facebook.com\/people\/Sindiesp\/61572322084556\/?locale=pt_BR\",\"https:\/\/www.instagram.com\/sindiesp\/\",\"https:\/\/www.linkedin.com\/company\/sindiespsindicato\/\",\"https:\/\/www.youtube.com\/@sindiespsindicato\"]},{\"@type\":\"Person\",\"@id\":\"https:\/\/www.sindiesp.org.br\/sindicato\/#\/schema\/person\/f0e659547a852e89bda8bb449410c7bd\",\"name\":\"admin\",\"image\":{\"@type\":\"ImageObject\",\"inLanguage\":\"pt-BR\",\"@id\":\"https:\/\/www.sindiesp.org.br\/sindicato\/#\/schema\/person\/image\/\",\"url\":\"https:\/\/secure.gravatar.com\/avatar\/60782aa6be233cec62182f478af36dcc?s=96&d=mm&r=g\",\"contentUrl\":\"https:\/\/secure.gravatar.com\/avatar\/60782aa6be233cec62182f478af36dcc?s=96&d=mm&r=g\",\"caption\":\"admin\"},\"sameAs\":[\"https:\/\/sind.agencianovel.com.br\"],\"url\":\"https:\/\/www.sindiesp.org.br\/sindicato\/author\/admin_r58gz9hd\/\"}]}<\/script>\n<!-- \/ Yoast SEO plugin. -->","yoast_head_json":{"title":"Josilene Grellet Pereira LTDA - Sindiesp","robots":{"index":"index","follow":"follow","max-snippet":"max-snippet:-1","max-image-preview":"max-image-preview:large","max-video-preview":"max-video-preview:-1"},"canonical":"https:\/\/www.sindiesp.org.br\/sindicato\/josilene-grellet-pereira-ltda\/","og_locale":"pt_BR","og_type":"article","og_title":"Josilene Grellet Pereira LTDA - Sindiesp","og_description":"Benef\u00edcio ofertado:Realiza\u00e7\u00e3o de atendimento psicol\u00f3gico, no formato online ou presencial, aos associados e dependentes, com desconto de 30% sobre o valor atual da sess\u00e3o. P\u00fablico-alvo: crian\u00e7as, adolescentes, adultos e idosos. Condi\u00e7\u00e3o:\u00c9 necess\u00e1rio comprovar a condi\u00e7\u00e3o de associado ou colaborador do SINDIESP, mediante apresenta\u00e7\u00e3o de documento oficial ou declara\u00e7\u00e3o atualizada emitida pelo SINDIESP. Validade:Fica reconhecido, por [&hellip;]","og_url":"https:\/\/www.sindiesp.org.br\/sindicato\/josilene-grellet-pereira-ltda\/","og_site_name":"Sindiesp","article_publisher":"https:\/\/www.facebook.com\/people\/Sindiesp\/61572322084556\/?locale=pt_BR","article_published_time":"2025-11-17T18:52:03+00:00","article_modified_time":"2025-11-17T18:52:46+00:00","og_image":[{"width":284,"height":284,"url":"https:\/\/www.sindiesp.org.br\/sindicato\/wp-content\/uploads\/2025\/11\/josilene-grellet-pereira.png","type":"image\/png"}],"author":"admin","twitter_card":"summary_large_image","twitter_misc":{"Escrito por":"admin","Est. tempo de leitura":"1 minuto"},"schema":{"@context":"https:\/\/schema.org","@graph":[{"@type":"Article","@id":"https:\/\/www.sindiesp.org.br\/sindicato\/josilene-grellet-pereira-ltda\/#article","isPartOf":{"@id":"https:\/\/www.sindiesp.org.br\/sindicato\/josilene-grellet-pereira-ltda\/"},"author":{"name":"admin","@id":"https:\/\/www.sindiesp.org.br\/sindicato\/#\/schema\/person\/f0e659547a852e89bda8bb449410c7bd"},"headline":"Josilene Grellet Pereira LTDA","datePublished":"2025-11-17T18:52:03+00:00","dateModified":"2025-11-17T18:52:46+00:00","mainEntityOfPage":{"@id":"https:\/\/www.sindiesp.org.br\/sindicato\/josilene-grellet-pereira-ltda\/"},"wordCount":102,"publisher":{"@id":"https:\/\/www.sindiesp.org.br\/sindicato\/#organization"},"image":{"@id":"https:\/\/www.sindiesp.org.br\/sindicato\/josilene-grellet-pereira-ltda\/#primaryimage"},"thumbnailUrl":"https:\/\/www.sindiesp.org.br\/sindicato\/wp-content\/uploads\/2025\/11\/josilene-grellet-pereira.png","articleSection":["Parcerias"],"inLanguage":"pt-BR"},{"@type":"WebPage","@id":"https:\/\/www.sindiesp.org.br\/sindicato\/josilene-grellet-pereira-ltda\/","url":"https:\/\/www.sindiesp.org.br\/sindicato\/josilene-grellet-pereira-ltda\/","name":"Josilene Grellet Pereira LTDA - Sindiesp","isPartOf":{"@id":"https:\/\/www.sindiesp.org.br\/sindicato\/#website"},"primaryImageOfPage":{"@id":"https:\/\/www.sindiesp.org.br\/sindicato\/josilene-grellet-pereira-ltda\/#primaryimage"},"image":{"@id":"https:\/\/www.sindiesp.org.br\/sindicato\/josilene-grellet-pereira-ltda\/#primaryimage"},"thumbnailUrl":"https:\/\/www.sindiesp.org.br\/sindicato\/wp-content\/uploads\/2025\/11\/josilene-grellet-pereira.png","datePublished":"2025-11-17T18:52:03+00:00","dateModified":"2025-11-17T18:52:46+00:00","breadcrumb":{"@id":"https:\/\/www.sindiesp.org.br\/sindicato\/josilene-grellet-pereira-ltda\/#breadcrumb"},"inLanguage":"pt-BR","potentialAction":[{"@type":"ReadAction","target":["https:\/\/www.sindiesp.org.br\/sindicato\/josilene-grellet-pereira-ltda\/"]}]},{"@type":"ImageObject","inLanguage":"pt-BR","@id":"https:\/\/www.sindiesp.org.br\/sindicato\/josilene-grellet-pereira-ltda\/#primaryimage","url":"https:\/\/www.sindiesp.org.br\/sindicato\/wp-content\/uploads\/2025\/11\/josilene-grellet-pereira.png","contentUrl":"https:\/\/www.sindiesp.org.br\/sindicato\/wp-content\/uploads\/2025\/11\/josilene-grellet-pereira.png","width":284,"height":284},{"@type":"BreadcrumbList","@id":"https:\/\/www.sindiesp.org.br\/sindicato\/josilene-grellet-pereira-ltda\/#breadcrumb","itemListElement":[{"@type":"ListItem","position":1,"name":"In\u00edcio","item":"https:\/\/www.sindiesp.org.br\/sindicato\/"},{"@type":"ListItem","position":2,"name":"Josilene Grellet Pereira LTDA"}]},{"@type":"WebSite","@id":"https:\/\/www.sindiesp.org.br\/sindicato\/#website","url":"https:\/\/www.sindiesp.org.br\/sindicato\/","name":"Sindiesp","description":"Sindicato dos Trabalhadores nas Empresas de Internet, Manuten\u00e7\u00e3o e Cursos de Inform\u00e1tica do Estado de S\u00e3o Paulo","publisher":{"@id":"https:\/\/www.sindiesp.org.br\/sindicato\/#organization"},"potentialAction":[{"@type":"SearchAction","target":{"@type":"EntryPoint","urlTemplate":"https:\/\/www.sindiesp.org.br\/sindicato\/?s={search_term_string}"},"query-input":{"@type":"PropertyValueSpecification","valueRequired":true,"valueName":"search_term_string"}}],"inLanguage":"pt-BR"},{"@type":"Organization","@id":"https:\/\/www.sindiesp.org.br\/sindicato\/#organization","name":"Sindiesp","alternateName":"Sindiesp","url":"https:\/\/www.sindiesp.org.br\/sindicato\/","logo":{"@type":"ImageObject","inLanguage":"pt-BR","@id":"https:\/\/www.sindiesp.org.br\/sindicato\/#\/schema\/logo\/image\/","url":"https:\/\/www.sindiesp.org.br\/sindicato\/wp-content\/uploads\/2025\/01\/sindiesp-logo1.png","contentUrl":"https:\/\/www.sindiesp.org.br\/sindicato\/wp-content\/uploads\/2025\/01\/sindiesp-logo1.png","width":242,"height":280,"caption":"Sindiesp"},"image":{"@id":"https:\/\/www.sindiesp.org.br\/sindicato\/#\/schema\/logo\/image\/"},"sameAs":["https:\/\/www.facebook.com\/people\/Sindiesp\/61572322084556\/?locale=pt_BR","https:\/\/www.instagram.com\/sindiesp\/","https:\/\/www.linkedin.com\/company\/sindiespsindicato\/","https:\/\/www.youtube.com\/@sindiespsindicato"]},{"@type":"Person","@id":"https:\/\/www.sindiesp.org.br\/sindicato\/#\/schema\/person\/f0e659547a852e89bda8bb449410c7bd","name":"admin","image":{"@type":"ImageObject","inLanguage":"pt-BR","@id":"https:\/\/www.sindiesp.org.br\/sindicato\/#\/schema\/person\/image\/","url":"https:\/\/secure.gravatar.com\/avatar\/60782aa6be233cec62182f478af36dcc?s=96&d=mm&r=g","contentUrl":"https:\/\/secure.gravatar.com\/avatar\/60782aa6be233cec62182f478af36dcc?s=96&d=mm&r=g","caption":"admin"},"sameAs":["https:\/\/sind.agencianovel.com.br"],"url":"https:\/\/www.sindiesp.org.br\/sindicato\/author\/admin_r58gz9hd\/"}]}},"_links":{"self":[{"href":"https:\/\/www.sindiesp.org.br\/sindicato\/wp-json\/wp\/v2\/posts\/2131","targetHints":{"allow":["GET"]}}],"collection":[{"href":"https:\/\/www.sindiesp.org.br\/sindicato\/wp-json\/wp\/v2\/posts"}],"about":[{"href":"https:\/\/www.sindiesp.org.br\/sindicato\/wp-json\/wp\/v2\/types\/post"}],"author":[{"embeddable":true,"href":"https:\/\/www.sindiesp.org.br\/sindicato\/wp-json\/wp\/v2\/users\/1"}],"replies":[{"embeddable":true,"href":"https:\/\/www.sindiesp.org.br\/sindicato\/wp-json\/wp\/v2\/comments?post=2131"}],"version-history":[{"count":2,"href":"https:\/\/www.sindiesp.org.br\/sindicato\/wp-json\/wp\/v2\/posts\/2131\/revisions"}],"predecessor-version":[{"id":2134,"href":"https:\/\/www.sindiesp.org.br\/sindicato\/wp-json\/wp\/v2\/posts\/2131\/revisions\/2134"}],"wp:featuredmedia":[{"embeddable":true,"href":"https:\/\/www.sindiesp.org.br\/sindicato\/wp-json\/wp\/v2\/media\/2132"}],"wp:attachment":[{"href":"https:\/\/www.sindiesp.org.br\/sindicato\/wp-json\/wp\/v2\/media?parent=2131"}],"wp:term":[{"taxonomy":"category","embeddable":true,"href":"https:\/\/www.sindiesp.org.br\/sindicato\/wp-json\/wp\/v2\/categories?post=2131"},{"taxonomy":"post_tag","embeddable":true,"href":"https:\/\/www.sindiesp.org.br\/sindicato\/wp-json\/wp\/v2\/tags?post=2131"}],"curies":[{"name":"wp","href":"https:\/\/api.w.org\/{rel}","templated":true}]}}